{"id":1219492,"date":"2021-01-21T16:56:15","date_gmt":"2021-01-21T22:56:15","guid":{"rendered":"https:\/\/www.acapulcopress.com\/?p=1219492"},"modified":"2021-01-21T16:56:15","modified_gmt":"2021-01-21T22:56:15","slug":"fge-cumplimenta-en-zihuatanejo-orden-de-captura-de-un-homicida-de-el-coacuyul","status":"publish","type":"post","link":"https:\/\/www.acapulcopress.com\/index.php\/2021\/01\/21\/fge-cumplimenta-en-zihuatanejo-orden-de-captura-de-un-homicida-de-el-coacuyul\/","title":{"rendered":"FGE cumplimenta en Zihuatanejo orden de captura de un homicida de El Coacuyul"},"content":{"rendered":"<p style=\"text-align: justify;\">CHILPANCINGO. * 21 de enero de 2021.<br \/>\n<em>] <a href=\"https:\/\/fiscaliaguerrero.gob.mx\" target=\"_blank\" rel=\"noopener\">https:\/\/fiscaliaguerrero.gob.mx<\/a>.<br \/>\n<\/em><br \/>\nLa Polic\u00eda Investigadora Ministerial dio cumplimiento a la orden de aprehensi\u00f3n en contra de Jos\u00e9 Luis \u00abN\u00bb, detenido como probable responsable de homicidio en agravio de Abel \u00abN\u00bb, en el poblado El Coacoyul, municipio de Zihuatanejo.<\/p>\n<p style=\"text-align: justify;\">El detenido es acusado por hechos que se encuentran en la carpeta de investigaci\u00f3n 12130570100059160121, de privar de la vida a la v\u00edctima a golpes afuera de una tienda de conveniencia en el poblado El Coacuyul.<\/p>\n<p style=\"text-align: justify;\">La Polic\u00eda Ministerial obtuvo la orden de aprehensi\u00f3n del Juez de Control del Distrito Judicial de Azueta quedando detenido Jos\u00e9 Luis \u00abN\u00bb por el delito de homicidio y a disposici\u00f3n del juez quien determinar\u00e1 la situaci\u00f3n jur\u00eddica.<\/p>\n","protected":false},"excerpt":{"rendered":"<p>CHILPANCINGO. * 21 de enero de 2021. ] https:\/\/fiscaliaguerrero.gob.mx. La Polic\u00eda Investigadora Ministerial dio cumplimiento a la orden de aprehensi\u00f3n en contra de Jos\u00e9 Luis \u00abN\u00bb, detenido como probable responsable de homicidio en agravio de Abel \u00abN\u00bb, en el poblado El Coacoyul, municipio de Zihuatanejo. El detenido es acusado por hechos que se encuentran en&#8230;<\/p>\n","protected":false},"author":2,"featured_media":1219494,"comment_status":"closed","ping_status":"closed","sticky":false,"template":"","format":"standard","meta":{"footnotes":""},"categories":[18561,2005],"tags":[8682,10946,14737],"class_list":["post-1219492","post","type-post","status-publish","format-standard","has-post-thumbnail","hentry","category-society-politics","category-seguridad-y-justicia","tag-fiscalia-general-de-guerrero-fge","tag-jorge-zuriel-de-los-santos-barrila","tag-policia-ministerial-de-guerrero"],"_links":{"self":[{"href":"https:\/\/www.acapulcopress.com\/index.php\/wp-json\/wp\/v2\/posts\/1219492","targetHints":{"allow":["GET"]}}],"collection":[{"href":"https:\/\/www.acapulcopress.com\/index.php\/wp-json\/wp\/v2\/posts"}],"about":[{"href":"https:\/\/www.acapulcopress.com\/index.php\/wp-json\/wp\/v2\/types\/post"}],"author":[{"embeddable":true,"href":"https:\/\/www.acapulcopress.com\/index.php\/wp-json\/wp\/v2\/users\/2"}],"replies":[{"embeddable":true,"href":"https:\/\/www.acapulcopress.com\/index.php\/wp-json\/wp\/v2\/comments?post=1219492"}],"version-history":[{"count":0,"href":"https:\/\/www.acapulcopress.com\/index.php\/wp-json\/wp\/v2\/posts\/1219492\/revisions"}],"wp:featuredmedia":[{"embeddable":true,"href":"https:\/\/www.acapulcopress.com\/index.php\/wp-json\/"}],"wp:attachment":[{"href":"https:\/\/www.acapulcopress.com\/index.php\/wp-json\/wp\/v2\/media?parent=1219492"}],"wp:term":[{"taxonomy":"category","embeddable":true,"href":"https:\/\/www.acapulcopress.com\/index.php\/wp-json\/wp\/v2\/categories?post=1219492"},{"taxonomy":"post_tag","embeddable":true,"href":"https:\/\/www.acapulcopress.com\/index.php\/wp-json\/wp\/v2\/tags?post=1219492"}],"curies":[{"name":"wp","href":"https:\/\/api.w.org\/{rel}","templated":true}]}}