{"id":1219507,"date":"2021-01-21T17:51:35","date_gmt":"2021-01-21T23:51:35","guid":{"rendered":"https:\/\/www.acapulcopress.com\/?p=1219507"},"modified":"2021-01-21T17:51:35","modified_gmt":"2021-01-21T23:51:35","slug":"guerrero-estado-de-enormes-contrastes-que-demanda-acciones-concretas-sin-improvisaciones-mario","status":"publish","type":"post","link":"https:\/\/www.acapulcopress.com\/index.php\/2021\/01\/21\/guerrero-estado-de-enormes-contrastes-que-demanda-acciones-concretas-sin-improvisaciones-mario\/","title":{"rendered":"Guerrero, estado de enormes contrastes que demanda acciones concretas, sin improvisaciones | Mario"},"content":{"rendered":"<p style=\"text-align: justify;\">CHILPANCINGO. * 21 de enero de 2021.<br \/>\n<em>] PRI Guerrero.<\/em><\/p>\n<p style=\"text-align: justify;\">Para Mario Moreno Arcos participar en la actual contienda electoral representa una gran responsabilidad, pero sobre todo un enorme compromiso con las y los guerrerenses, particularmente porque Guerrero es un estado de enormes contrastes sobre los que se deben definir acciones concretas sin improvisaciones de ning\u00fan tipo.<\/p>\n<p style=\"text-align: justify;\">En su opini\u00f3n, no se trata tan solo de contar con las mejores propuestas, sino de saber c\u00f3mo gestionar recursos y atraer las inversiones que se requieren para detonar el desarrollo de cada regi\u00f3n de la entidad, \u201cpero adem\u00e1s con estrategias viables que se puedan llevar a la pr\u00e1ctica de modo tal que en efecto cambien la vida de las personas\u201d indic\u00f3.<\/p>\n<p style=\"text-align: justify;\">Entrevistado en la capital, Moreno Arcos se\u00f1al\u00f3: \u201csabes lo que representa esta responsabilidad porque la que traes sobre tus hombros; no es solo es participar, sino tratar de concretar una meta y plantearte c\u00f3mo se van a consolidar proyectos que realmente impacten en la sociedad\u201d.<\/p>\n<p style=\"text-align: justify;\">Moreno Arcos que se dijo respetuoso de los tiempos que establece la autoridad electoral en el estado, junto con su equipo de trabajo est\u00e1 enfocado en el an\u00e1lisis de los temas coyunturales no solo en el estado sino en el pa\u00eds, evitando \u00a0actos proselitistas. \u201cSomos respetuosos de la ley, pero lo m\u00e1s importante, hay un compromiso serio con la salud de los guerrerenses, por eso no hacemos eventos masivos\u201d.<\/p>\n<p style=\"text-align: justify;\">Explic\u00f3 que como Presidente de la Conferencia de Honor del Partido Revolucionario Institucional, realiza \u00fanicamente reuniones con los integrantes de los sectores, organizaciones y l\u00edderes seccionales de su partido, que se han suspendido temporalmente en el \u00e1nimo de proteger su salud.<\/p>\n<p style=\"text-align: justify;\">En cuanto a la visita del Presidente L\u00f3pez Obrador el pasado fin de semana a Guerrero, aplaudi\u00f3 de nueva cuenta la visi\u00f3n del gobernador H\u00e9ctor Astudillo quien ha mantenido una relaci\u00f3n tersa con la federaci\u00f3n impactando favorablemente a la entidad, por lo que se\u00f1al\u00f3 que, \u201csin importar la trinchera, siempre abonar\u00e9 a la concordia y al respeto institucional\u201d.<\/p>\n","protected":false},"excerpt":{"rendered":"<p>CHILPANCINGO. * 21 de enero de 2021. ] PRI Guerrero. Para Mario Moreno Arcos participar en la actual contienda electoral representa una gran responsabilidad, pero sobre todo un enorme compromiso con las y los guerrerenses, particularmente porque Guerrero es un estado de enormes contrastes sobre los que se deben definir acciones concretas sin improvisaciones de&#8230;<\/p>\n","protected":false},"author":2,"featured_media":1219508,"comment_status":"closed","ping_status":"closed","sticky":false,"template":"","format":"standard","meta":{"footnotes":""},"categories":[2024,18561],"tags":[9302,12685,14914],"class_list":["post-1219507","post","type-post","status-publish","format-standard","has-post-thumbnail","hentry","category-politica-activism","category-society-politics","tag-gobierno-de-guerrero","tag-mario-moreno-arcos","tag-pri"],"_links":{"self":[{"href":"https:\/\/www.acapulcopress.com\/index.php\/wp-json\/wp\/v2\/posts\/1219507","targetHints":{"allow":["GET"]}}],"collection":[{"href":"https:\/\/www.acapulcopress.com\/index.php\/wp-json\/wp\/v2\/posts"}],"about":[{"href":"https:\/\/www.acapulcopress.com\/index.php\/wp-json\/wp\/v2\/types\/post"}],"author":[{"embeddable":true,"href":"https:\/\/www.acapulcopress.com\/index.php\/wp-json\/wp\/v2\/users\/2"}],"replies":[{"embeddable":true,"href":"https:\/\/www.acapulcopress.com\/index.php\/wp-json\/wp\/v2\/comments?post=1219507"}],"version-history":[{"count":0,"href":"https:\/\/www.acapulcopress.com\/index.php\/wp-json\/wp\/v2\/posts\/1219507\/revisions"}],"wp:featuredmedia":[{"embeddable":true,"href":"https:\/\/www.acapulcopress.com\/index.php\/wp-json\/"}],"wp:attachment":[{"href":"https:\/\/www.acapulcopress.com\/index.php\/wp-json\/wp\/v2\/media?parent=1219507"}],"wp:term":[{"taxonomy":"category","embeddable":true,"href":"https:\/\/www.acapulcopress.com\/index.php\/wp-json\/wp\/v2\/categories?post=1219507"},{"taxonomy":"post_tag","embeddable":true,"href":"https:\/\/www.acapulcopress.com\/index.php\/wp-json\/wp\/v2\/tags?post=1219507"}],"curies":[{"name":"wp","href":"https:\/\/api.w.org\/{rel}","templated":true}]}}