{"id":1219513,"date":"2021-01-21T18:42:54","date_gmt":"2021-01-22T00:42:54","guid":{"rendered":"https:\/\/www.acapulcopress.com\/?p=1219513"},"modified":"2021-01-21T18:42:54","modified_gmt":"2021-01-22T00:42:54","slug":"demandan-en-san-agustin-atencion-de-adela-para-combatir-el-basurero-del-ecoloco","status":"publish","type":"post","link":"https:\/\/www.acapulcopress.com\/index.php\/2021\/01\/21\/demandan-en-san-agustin-atencion-de-adela-para-combatir-el-basurero-del-ecoloco\/","title":{"rendered":"Demandan en San Agust\u00edn atenci\u00f3n de #Adela para combatir el &#8216;basurero del Ecoloco&#8217;"},"content":{"rendered":"<p style=\"text-align: justify;\"><strong>\u00bb\u00a0Carlos Figueroa Rub\u00ed.<\/strong><br \/>\nACAPULO. * 21 de enero de 2021.<br \/>\n<em>] Reportero de El Pueblo.<\/em><\/p>\n<div class=\"\" style=\"text-align: justify;\" data-block=\"true\" data-editor=\"a9gev\" data-offset-key=\"1po6a-0-0\"><\/div>\n<div class=\"\" style=\"text-align: justify;\" data-block=\"true\" data-editor=\"a9gev\" data-offset-key=\"1lo65-0-0\">\n<div class=\"_1mf _1mj\" data-offset-key=\"1lo65-0-0\">Habitantes de la unidad habitacional San Agust\u00edn demandaron la atenci\u00f3n del gobierno de Adela Rom\u00e1n para acabar con el &#8216;basurero del Ecoloco&#8217; que desde la administraci\u00f3n de Evodio Vel\u00e1zquez Aguirre existe en dicho n\u00facleo poblaciones y que representa no solo una mala imagen urbana sino tambi\u00e9n un foco de infecci\u00f3n y un peligro para los lugare\u00f1os, especialmente los menores de edad que juegan cerca de ese vertedero heredado por el expresidente Evodio, actual aspirante del PRD a la gubernatura del estado.<\/div>\n<\/div>\n<div class=\"\" style=\"text-align: justify;\" data-block=\"true\" data-editor=\"a9gev\" data-offset-key=\"7s795-0-0\">\n<div class=\"_1mf _1mj\" data-offset-key=\"7s795-0-0\"><span data-offset-key=\"7s795-0-0\">\u00a0<\/span><\/div>\n<\/div>\n<div class=\"\" style=\"text-align: justify;\" data-block=\"true\" data-editor=\"a9gev\" data-offset-key=\"5vjjc-0-0\">\n<div class=\"_1mf _1mj\" data-offset-key=\"5vjjc-0-0\">Para documentar su denuncia y evitar que la alcaldesa de Morena luego salga con que son &#8216;fotomontajes&#8217; o &#8216;inventos de los medios&#8217;, los quejosos enviaron un video al Reportero del Pueblo para evidenciar las toneladas de basura acumuladas por la falta de contenedores y la desatenci\u00f3n de Saneamiento B\u00e1sico municipal.<\/div>\n<\/div>\n<div class=\"\" style=\"text-align: justify;\" data-block=\"true\" data-editor=\"a9gev\" data-offset-key=\"4abh6-0-0\">\n<div class=\"_1mf _1mj\" data-offset-key=\"4abh6-0-0\"><span data-offset-key=\"4abh6-0-0\">\u00a0<\/span><\/div>\n<\/div>\n<div class=\"\" style=\"text-align: justify;\" data-block=\"true\" data-editor=\"a9gev\" data-offset-key=\"aifoe-0-0\">\n<div class=\"_1mf _1mj\" data-offset-key=\"aifoe-0-0\"><span data-offset-key=\"aifoe-0-0\">Los vecinos de San Agust\u00edn piden ayuda urgente al gobierno municipal para que sea retirado ese vertedero bautizado como &#8216;El basurero del Ecoloco&#8217;, el cual de haya en la entrada de dicha unidad habitacional, causando mala imagen y olores malolientes que se perciben a cientos de metros en colonias aleda\u00f1as a dicha unidad poblacional.<\/span><\/div>\n<\/div>\n<div class=\"\" style=\"text-align: justify;\" data-block=\"true\" data-editor=\"a9gev\" data-offset-key=\"75e6i-0-0\">\n<div class=\"_1mf _1mj\" data-offset-key=\"75e6i-0-0\"><span data-offset-key=\"75e6i-0-0\">\u00a0<\/span><\/div>\n<\/div>\n<div class=\"\" style=\"text-align: justify;\" data-block=\"true\" data-editor=\"a9gev\" data-offset-key=\"m14e-0-0\">\n<div class=\"_1mf _1mj\" data-offset-key=\"m14e-0-0\"><span data-offset-key=\"m14e-0-0\">Los denunciantes agregaron que bastar\u00eda con que la alcaldesa de Morena, Adela Rom\u00e1n Ocampo, instruyera la instalaci\u00f3n de contenedores para evitar la acumulaci\u00f3n de basura al aire libre, cuyos desperdicios, al descomponerse, causan olores nauseabundos y la putrefacci\u00f3n atenta contra la salud de los habitantes, especialmente de los ni\u00f1os.<\/span><\/div>\n<\/div>\n<div class=\"\" style=\"text-align: justify;\" data-block=\"true\" data-editor=\"a9gev\" data-offset-key=\"b0aih-0-0\">\n<div class=\"_1mf _1mj\" data-offset-key=\"b0aih-0-0\"><span data-offset-key=\"b0aih-0-0\">\u00a0<\/span><\/div>\n<\/div>\n<div class=\"\" style=\"text-align: justify;\" data-block=\"true\" data-editor=\"a9gev\" data-offset-key=\"8qaa6-0-0\">\n<div class=\"_1mf _1mj\" data-offset-key=\"8qaa6-0-0\"><span data-offset-key=\"8qaa6-0-0\">\u00abYa sabemos que es nuestra basura &#8211;dijeron algunos habitantes&#8211;, pero se supone que Saneamiento B\u00e1sico para eso est\u00e1; por eso solicitamos a la Presidencia Municipal que combata esta contaminaci\u00f3n que sufrimos los pobladores, pues no se vale que est\u00e9n cobrando impuestos por servicios urbanos que no nos dan\u00bb.<\/span><\/div>\n<\/div>\n<div class=\"\" style=\"text-align: justify;\" data-block=\"true\" data-editor=\"a9gev\" data-offset-key=\"9s9m3-0-0\">\n<div class=\"_1mf _1mj\" data-offset-key=\"9s9m3-0-0\"><span data-offset-key=\"9s9m3-0-0\">\u00a0<\/span><\/div>\n<\/div>\n<div class=\"\" style=\"text-align: justify;\" data-block=\"true\" data-editor=\"a9gev\" data-offset-key=\"2l1lo-0-0\">\n<div class=\"_1mf _1mj\" data-offset-key=\"2l1lo-0-0\"><span data-offset-key=\"2l1lo-0-0\">Por \u00faltimo, revelaron que \u00abya se hizo la gesti\u00f3n correspondientes para un contenedor, pero es la fecha que no hay respuesta de parte del Ayuntamiento que preside Adela Rom\u00e1n Ocampo, ni de Saneamiento B\u00e1sico ni de nadie de su gabinete a quien le corresponda esta \u00e1rea de limpieza y salubridad p\u00fablica\u00bb.<\/span><\/div>\n<\/div>\n<div class=\"\" style=\"text-align: justify;\" data-block=\"true\" data-editor=\"a9gev\" data-offset-key=\"594u0-0-0\">\n<div class=\"_1mf _1mj\" data-offset-key=\"594u0-0-0\"><span data-offset-key=\"594u0-0-0\"><br \/>\n<\/span>En caso que la desatenci\u00f3n municipal persista, recurrir\u00e1n a pedir la ayuda del gobernador H\u00e9ctor Astudillo, pues parece que a la alcaldesa que deseaba ser gobernadora le importa poco la imagen de su municipio, el medio ambiente y la salud de sus gobernados.<\/div>\n<\/div>\n<div class=\"\" data-block=\"true\" data-editor=\"a9gev\" data-offset-key=\"eh4d2-0-0\">\n<div class=\"_1mf _1mj\" style=\"text-align: justify;\" data-offset-key=\"eh4d2-0-0\">\n<div style=\"width: 1160px;\" class=\"wp-video\"><video class=\"wp-video-shortcode\" id=\"video-1219513-1\" width=\"1160\" height=\"653\" preload=\"metadata\" controls=\"controls\"><source type=\"video\/mp4\" src=\"https:\/\/www.acapulco.press\/wp-content\/uploads\/2021\/01\/BASURERO-DE-EL-ECOLOCO.mp4?_=1\" \/><a href=\"https:\/\/www.acapulco.press\/wp-content\/uploads\/2021\/01\/BASURERO-DE-EL-ECOLOCO.mp4\">https:\/\/www.acapulco.press\/wp-content\/uploads\/2021\/01\/BASURERO-DE-EL-ECOLOCO.mp4<\/a><\/video><\/div>\n<\/div>\n<\/div>\n","protected":false},"excerpt":{"rendered":"<p>\u00bb\u00a0Carlos Figueroa Rub\u00ed. ACAPULO. * 21 de enero de 2021. ] Reportero de El Pueblo. Habitantes de la unidad habitacional San Agust\u00edn demandaron la atenci\u00f3n del gobierno de Adela Rom\u00e1n para acabar con el &#8216;basurero del Ecoloco&#8217; que desde la administraci\u00f3n de Evodio Vel\u00e1zquez Aguirre existe en dicho n\u00facleo poblaciones y que representa no solo&#8230;<\/p>\n","protected":false},"author":2,"featured_media":1219493,"comment_status":"closed","ping_status":"closed","sticky":false,"template":"","format":"video","meta":{"footnotes":""},"categories":[1972,18580],"tags":[2700,3257,4485,4615,7767,8273,9279,13297,14804,17565],"class_list":["post-1219513","post","type-post","status-publish","format-video","has-post-thumbnail","hentry","category-special","category-salud-mundial","tag-evoloco","tag-adela-roman-ocampo","tag-ayuntamiento-de-acapulco","tag-basurero-de-el-ecoloco","tag-el-reportero-del-pueblo","tag-evodio-velazquez-aguirre","tag-gobierno-de-acapulco","tag-morena","tag-prd","tag-unidad-habitacional-san-agustin-acapulco","post_format-post-format-video"],"_links":{"self":[{"href":"https:\/\/www.acapulcopress.com\/index.php\/wp-json\/wp\/v2\/posts\/1219513","targetHints":{"allow":["GET"]}}],"collection":[{"href":"https:\/\/www.acapulcopress.com\/index.php\/wp-json\/wp\/v2\/posts"}],"about":[{"href":"https:\/\/www.acapulcopress.com\/index.php\/wp-json\/wp\/v2\/types\/post"}],"author":[{"embeddable":true,"href":"https:\/\/www.acapulcopress.com\/index.php\/wp-json\/wp\/v2\/users\/2"}],"replies":[{"embeddable":true,"href":"https:\/\/www.acapulcopress.com\/index.php\/wp-json\/wp\/v2\/comments?post=1219513"}],"version-history":[{"count":0,"href":"https:\/\/www.acapulcopress.com\/index.php\/wp-json\/wp\/v2\/posts\/1219513\/revisions"}],"wp:featuredmedia":[{"embeddable":true,"href":"https:\/\/www.acapulcopress.com\/index.php\/wp-json\/"}],"wp:attachment":[{"href":"https:\/\/www.acapulcopress.com\/index.php\/wp-json\/wp\/v2\/media?parent=1219513"}],"wp:term":[{"taxonomy":"category","embeddable":true,"href":"https:\/\/www.acapulcopress.com\/index.php\/wp-json\/wp\/v2\/categories?post=1219513"},{"taxonomy":"post_tag","embeddable":true,"href":"https:\/\/www.acapulcopress.com\/index.php\/wp-json\/wp\/v2\/tags?post=1219513"}],"curies":[{"name":"wp","href":"https:\/\/api.w.org\/{rel}","templated":true}]}}