{"id":1219522,"date":"2021-01-21T19:06:21","date_gmt":"2021-01-22T01:06:21","guid":{"rendered":"https:\/\/www.acapulcopress.com\/?p=1219522"},"modified":"2021-01-21T19:06:21","modified_gmt":"2021-01-22T01:06:21","slug":"julio-cesar-salazar-abre-2021-con-competencia-internacional","status":"publish","type":"post","link":"https:\/\/www.acapulcopress.com\/index.php\/2021\/01\/21\/julio-cesar-salazar-abre-2021-con-competencia-internacional\/","title":{"rendered":"Julio C\u00e9sar Salazar abre 2021 con competencia internacional"},"content":{"rendered":"<p style=\"text-align: justify;\">CIUDAD DE M\u00c9XICO * 21 de enero de 2021.<br \/>\n<em>] Conade.<\/em><\/p>\n<p style=\"text-align: justify;\">El Mundial de Atletismo de Doha, Qatar, en 2019, signific\u00f3 la \u00faltima competencia oficial del andar\u00edn Julio C\u00e9sar Salazar Enr\u00edquez, especialista en 20 kil\u00f3metros marcha, antes de que la pandemia por covid-19 obligar\u00e1 en 2020 la cancelaci\u00f3n de todo evento deportivo, pero ahora, alrededor de 15 meses despu\u00e9s, el chihuahuense regresar\u00e1 a la actividad internacional el pr\u00f3ximo s\u00e1bado en Ostia, Italia.<\/p>\n<p style=\"text-align: justify;\">Con dicha competencia europea, Salazar Enr\u00edquez reanudar\u00e1 su fogueo y preparaci\u00f3n rumbo a los pr\u00f3ximos Juegos Ol\u00edmpicos a celebrarse este a\u00f1o en Tokio, evento para el que ya cuenta con la marca requerida al conseguirla en junio de 2019 durante el Gran Premio Canton\u00e9s de La Coru\u00f1a, y que significar\u00e1 su segunda experiencia en la magna justa tras haber representado a M\u00e9xico en la edici\u00f3n de R\u00edo 2016.<\/p>\n<p style=\"text-align: justify;\">El andar\u00edn, que en 2017 obtuvo el Premio Estatal del Deporte, emprendi\u00f3 el mi\u00e9rcoles el camino hacia tierras italianas y detall\u00f3 a la Comisi\u00f3n Nacional de Cultura F\u00edsica y Deporte (Conade) que se encuentra listo para la competencia, en la que conf\u00eda hacer un buen papel y mejorar su marca de 1:20:57, para as\u00ed tener posibilidades de estar entre los primeros lugares.<\/p>\n<p style=\"text-align: justify;\">\u201cEstamos buscando mejorar la marca de 1:20:57, la cual es la que me tiene dentro de los Juegos Ol\u00edmpicos y, de esa manera, ir perfeccionando para estar m\u00e1s tranquilos en lo que queda del proceso rumbo a Tokio\u201d, coment\u00f3.<\/p>\n<p style=\"text-align: justify;\">Despu\u00e9s de su primer evento del a\u00f1o en Italia, Julio C\u00e9sar Salazar planea continuar con su preparaci\u00f3n a nivel internacional en Europa y Sudam\u00e9rica con la mirada firme en la justa de verano, la cual se encuentra ya a seis meses de distancia.<\/p>\n","protected":false},"excerpt":{"rendered":"<p>CIUDAD DE M\u00c9XICO * 21 de enero de 2021. ] Conade. El Mundial de Atletismo de Doha, Qatar, en 2019, signific\u00f3 la \u00faltima competencia oficial del andar\u00edn Julio C\u00e9sar Salazar Enr\u00edquez, especialista en 20 kil\u00f3metros marcha, antes de que la pandemia por covid-19 obligar\u00e1 en 2020 la cancelaci\u00f3n de todo evento deportivo, pero ahora, alrededor&#8230;<\/p>\n","protected":false},"author":2,"featured_media":1219523,"comment_status":"closed","ping_status":"closed","sticky":false,"template":"","format":"standard","meta":{"footnotes":""},"categories":[1988,18566],"tags":[6169,11331,13400],"class_list":["post-1219522","post","type-post","status-publish","format-standard","has-post-thumbnail","hentry","category-lifestyles","category-sports-lifestyles","tag-comision-nacional-de-cultura-fisica-y-deporte-conade","tag-julio-cesar-salazar-enriquez","tag-mundial-de-atletismo"],"_links":{"self":[{"href":"https:\/\/www.acapulcopress.com\/index.php\/wp-json\/wp\/v2\/posts\/1219522","targetHints":{"allow":["GET"]}}],"collection":[{"href":"https:\/\/www.acapulcopress.com\/index.php\/wp-json\/wp\/v2\/posts"}],"about":[{"href":"https:\/\/www.acapulcopress.com\/index.php\/wp-json\/wp\/v2\/types\/post"}],"author":[{"embeddable":true,"href":"https:\/\/www.acapulcopress.com\/index.php\/wp-json\/wp\/v2\/users\/2"}],"replies":[{"embeddable":true,"href":"https:\/\/www.acapulcopress.com\/index.php\/wp-json\/wp\/v2\/comments?post=1219522"}],"version-history":[{"count":0,"href":"https:\/\/www.acapulcopress.com\/index.php\/wp-json\/wp\/v2\/posts\/1219522\/revisions"}],"wp:featuredmedia":[{"embeddable":true,"href":"https:\/\/www.acapulcopress.com\/index.php\/wp-json\/"}],"wp:attachment":[{"href":"https:\/\/www.acapulcopress.com\/index.php\/wp-json\/wp\/v2\/media?parent=1219522"}],"wp:term":[{"taxonomy":"category","embeddable":true,"href":"https:\/\/www.acapulcopress.com\/index.php\/wp-json\/wp\/v2\/categories?post=1219522"},{"taxonomy":"post_tag","embeddable":true,"href":"https:\/\/www.acapulcopress.com\/index.php\/wp-json\/wp\/v2\/tags?post=1219522"}],"curies":[{"name":"wp","href":"https:\/\/api.w.org\/{rel}","templated":true}]}}