{"id":1219535,"date":"2021-01-21T19:54:15","date_gmt":"2021-01-22T01:54:15","guid":{"rendered":"https:\/\/www.acapulcopress.com\/?p=1219535"},"modified":"2021-01-21T19:54:15","modified_gmt":"2021-01-22T01:54:15","slug":"disney-opesa-retrasar-otra-vez-el-estreno-de-viuda-negra","status":"publish","type":"post","link":"https:\/\/www.acapulcopress.com\/index.php\/2021\/01\/21\/disney-opesa-retrasar-otra-vez-el-estreno-de-viuda-negra\/","title":{"rendered":"Disney sopesa retrasar otra vez el estreno de \u00abViuda Negra\u00bb"},"content":{"rendered":"<p style=\"text-align: justify;\">LOS \u00c1NGELES. * 21 de enero de 2021.<br \/>\n<em>] <a href=\"https:\/\/www.telam.com.ar\/notas\/202101\/542279-disney-baraja-retrasar-otra-vez-el-estreno-de-viuda-negra.html\" target=\"_blank\" rel=\"noopener\">T\u00e9lam<\/a>.<\/em><\/p>\n<p style=\"text-align: justify;\">El estreno de \u00abViuda Negra\u00bb, que ya sufri\u00f3 tres postergaciones desde al a\u00f1o pasado, est\u00e1 en peligro de sufrir un nuevo retraso seg\u00fan se desprende de las declaraciones de Kevin Feige, CEO de Marvel Studios a un medio estadounidense.<\/p>\n<figure id=\"attachment_1219536\" aria-describedby=\"caption-attachment-1219536\" style=\"width: 375px\" class=\"wp-caption alignleft\"><img loading=\"lazy\" decoding=\"async\" class=\"wp-image-1219536 size-medium\" src=\"https:\/\/www.acapulco.press\/wp-content\/uploads\/2021\/01\/La-Viuda-Negra-2021-375x519.jpg\" alt=\"\" width=\"375\" height=\"519\" \/><figcaption id=\"caption-attachment-1219536\" class=\"wp-caption-text\"><strong>Scarlett Johansson.<\/strong> | <em>Black Widow.<\/em><\/figcaption><\/figure>\n<p style=\"text-align: justify;\">\u00abQuiero decir, la confianza no tiene sentido en el mundo de hoy porque nadie sabe nada, pero la esperanza es eterna\u00bb, dijo Feige al sitio Comicbook. al ser consultado sobre la posibilidad de estrenar la cinta directamente en Disney+.<\/p>\n<p style=\"text-align: justify;\">\u00abUn a\u00f1o de retraso, espero que sea suficiente, porque ahora hay una vacuna. Ya veremos. Ciertamente espero estar de vuelta en los cines con la gente\u00bb, agreg\u00f3.<\/p>\n<p style=\"text-align: justify;\">Al respecto, la revista<em> Variety<\/em> tambi\u00e9n inform\u00f3 que Disney analiza realizar el lanzamiento en forma conjunta entre la plataforma y las salas de cine, como hizo Warner con \u00abWonder Woman 1984\u00bb.<\/p>\n<p style=\"text-align: justify;\">De confirmarse, ser\u00eda la segunda postergaci\u00f3n de Marvel para este 2021, tras anunciar que \u00abMorbius\u00bb, sobre un vampiro del universo de \u00abSpider Man\u00bb, retras\u00f3 su estreno de marzo a octubre.<\/p>\n<p style=\"text-align: justify;\">Por el momento, la fecha para el estreno de \u00abViuda Negra\u00bb es el 7 de mayo.<\/p>\n","protected":false},"excerpt":{"rendered":"<p>LOS \u00c1NGELES. * 21 de enero de 2021. ] T\u00e9lam. El estreno de \u00abViuda Negra\u00bb, que ya sufri\u00f3 tres postergaciones desde al a\u00f1o pasado, est\u00e1 en peligro de sufrir un nuevo retraso seg\u00fan se desprende de las declaraciones de Kevin Feige, CEO de Marvel Studios a un medio estadounidense. \u00abQuiero decir, la confianza no tiene&#8230;<\/p>\n","protected":false},"author":2,"featured_media":1219537,"comment_status":"closed","ping_status":"closed","sticky":false,"template":"","format":"standard","meta":{"footnotes":""},"categories":[18563,1988],"tags":[4763,11449,11453,12769,13557,16094,17965],"class_list":["post-1219535","post","type-post","status-publish","format-standard","has-post-thumbnail","hentry","category-entretenimiento","category-lifestyles","tag-black-widow","tag-kevin-feige","tag-kgb","tag-marvel-studios","tag-natasha-romanova","tag-scarlett-johansson","tag-viuda-negra"],"_links":{"self":[{"href":"https:\/\/www.acapulcopress.com\/index.php\/wp-json\/wp\/v2\/posts\/1219535","targetHints":{"allow":["GET"]}}],"collection":[{"href":"https:\/\/www.acapulcopress.com\/index.php\/wp-json\/wp\/v2\/posts"}],"about":[{"href":"https:\/\/www.acapulcopress.com\/index.php\/wp-json\/wp\/v2\/types\/post"}],"author":[{"embeddable":true,"href":"https:\/\/www.acapulcopress.com\/index.php\/wp-json\/wp\/v2\/users\/2"}],"replies":[{"embeddable":true,"href":"https:\/\/www.acapulcopress.com\/index.php\/wp-json\/wp\/v2\/comments?post=1219535"}],"version-history":[{"count":0,"href":"https:\/\/www.acapulcopress.com\/index.php\/wp-json\/wp\/v2\/posts\/1219535\/revisions"}],"wp:featuredmedia":[{"embeddable":true,"href":"https:\/\/www.acapulcopress.com\/index.php\/wp-json\/"}],"wp:attachment":[{"href":"https:\/\/www.acapulcopress.com\/index.php\/wp-json\/wp\/v2\/media?parent=1219535"}],"wp:term":[{"taxonomy":"category","embeddable":true,"href":"https:\/\/www.acapulcopress.com\/index.php\/wp-json\/wp\/v2\/categories?post=1219535"},{"taxonomy":"post_tag","embeddable":true,"href":"https:\/\/www.acapulcopress.com\/index.php\/wp-json\/wp\/v2\/tags?post=1219535"}],"curies":[{"name":"wp","href":"https:\/\/api.w.org\/{rel}","templated":true}]}}