{"id":1219544,"date":"2021-01-21T20:04:07","date_gmt":"2021-01-22T02:04:07","guid":{"rendered":"https:\/\/www.acapulcopress.com\/?p=1219544"},"modified":"2021-01-21T20:04:07","modified_gmt":"2021-01-22T02:04:07","slug":"cuba-preve-producir-100-millones-de-dosis-propia-de-vacuna-covid19","status":"publish","type":"post","link":"https:\/\/www.acapulcopress.com\/index.php\/2021\/01\/21\/cuba-preve-producir-100-millones-de-dosis-propia-de-vacuna-covid19\/","title":{"rendered":"Cuba prev\u00e9 producir 100 millones de dosis propia de vacuna Covid19"},"content":{"rendered":"<p style=\"text-align: justify;\">LA HABANA. * 21 de enero de 2021.<br \/>\n] Xinhua.<\/p>\n<p style=\"text-align: justify;\">Cuba se prepara para producir 100 millones de dosis de la vacuna Soberana 02 contra la enfermedad del nuevo coronavirus (COVID-19) y tiene el prop\u00f3sito de inmunizar este a\u00f1o a toda la poblaci\u00f3n del pa\u00eds, que est\u00e1 por alcanzar los 20.000 casos acumulados desde el inicio de la pandemia, afirm\u00f3 hoy el director general del Instituto Finlay de Vacunas, Vicente V\u00e9rez.<\/p>\n<p style=\"text-align: justify;\">\u00abLa estrategia de Cuba de comercializar la vacuna tiene una combinaci\u00f3n de humanidad y de impacto en la salud mundial. No somos una multinacional, donde el objetivo financiero es la raz\u00f3n n\u00famero uno. Nuestro fin es crear m\u00e1s salud\u00bb, dijo V\u00e9rez en conferencia de prensa.<\/p>\n<p style=\"text-align: justify;\">V\u00e9rez asegur\u00f3 que el primer objetivo es satisfacer las necesidades del pa\u00eds caribe\u00f1o, donde la aplicaci\u00f3n de la vacuna ser\u00e1 gratuita, adem\u00e1s de que la naci\u00f3n caribe\u00f1a pretende contribuir con otros pa\u00edses interesados en su adquisici\u00f3n como India, Ir\u00e1n, Pakist\u00e1n, Venezuela y Vietnam.<\/p>\n<p style=\"text-align: justify;\">Cuba inici\u00f3 esta semana el ensayo cl\u00ednico fase II ampliado de la vacuna Soberana 02, que abarcar\u00e1 unas 900 personas entre 19 y 80 a\u00f1os, al tiempo que el mes pr\u00f3ximo se prev\u00e9 extender la prueba a la poblaci\u00f3n pedi\u00e1trica y poder confirmar su aplicaci\u00f3n en ni\u00f1os.<\/p>\n<p style=\"text-align: justify;\">El directivo se\u00f1al\u00f3 que luego de los resultados en esta etapa se pasar\u00eda a la tercera fase, per\u00edodo en el que se estima la participaci\u00f3n de 150.000 personas vulnerables y residentes en zonas de alto riesgo epidemiol\u00f3gico.<\/p>\n<p style=\"text-align: justify;\">Cuba report\u00f3 este jueves 408 nuevos contagios de la COVID-19, con lo que acumul\u00f3 19.530 casos desde el inicio de la pandemia, as\u00ed como otros cuatro decesos en una jornada, para sumar 184 fallecimientos, seg\u00fan el reporte diario del Ministerio de Salud P\u00fablica (Minsap).<\/p>\n<p style=\"text-align: justify;\">La entidad detall\u00f3 en su reporte que en la naci\u00f3n caribe\u00f1a permanecen hospitalizadas 9.215 personas, al tiempo que hasta el momento se han recuperado de la enfermedad 14.754 pacientes.<\/p>\n<p style=\"text-align: justify;\">La ciudad de La Habana tuvo la cifra m\u00e1s alta de casos confirmados con 196 positivos, seguida por las provincias orientales de Santiago de Cuba y Guant\u00e1namo, esta \u00faltima con la mayor tasa de incidencia de la naci\u00f3n caribe\u00f1a desde hace varios d\u00edas.<\/p>\n","protected":false},"excerpt":{"rendered":"<p>LA HABANA. * 21 de enero de 2021. ] Xinhua. Cuba se prepara para producir 100 millones de dosis de la vacuna Soberana 02 contra la enfermedad del nuevo coronavirus (COVID-19) y tiene el prop\u00f3sito de inmunizar este a\u00f1o a toda la poblaci\u00f3n del pa\u00eds, que est\u00e1 por alcanzar los 20.000 casos acumulados desde el&#8230;<\/p>\n","protected":false},"author":2,"featured_media":1219545,"comment_status":"closed","ping_status":"closed","sticky":false,"template":"","format":"standard","meta":{"footnotes":""},"categories":[1969,1972,18574],"tags":[17746],"class_list":["post-1219544","post","type-post","status-publish","format-standard","has-post-thumbnail","hentry","category-trending","category-special","category-gobierno-la-foto","tag-vacunas-covid19"],"_links":{"self":[{"href":"https:\/\/www.acapulcopress.com\/index.php\/wp-json\/wp\/v2\/posts\/1219544","targetHints":{"allow":["GET"]}}],"collection":[{"href":"https:\/\/www.acapulcopress.com\/index.php\/wp-json\/wp\/v2\/posts"}],"about":[{"href":"https:\/\/www.acapulcopress.com\/index.php\/wp-json\/wp\/v2\/types\/post"}],"author":[{"embeddable":true,"href":"https:\/\/www.acapulcopress.com\/index.php\/wp-json\/wp\/v2\/users\/2"}],"replies":[{"embeddable":true,"href":"https:\/\/www.acapulcopress.com\/index.php\/wp-json\/wp\/v2\/comments?post=1219544"}],"version-history":[{"count":0,"href":"https:\/\/www.acapulcopress.com\/index.php\/wp-json\/wp\/v2\/posts\/1219544\/revisions"}],"wp:featuredmedia":[{"embeddable":true,"href":"https:\/\/www.acapulcopress.com\/index.php\/wp-json\/"}],"wp:attachment":[{"href":"https:\/\/www.acapulcopress.com\/index.php\/wp-json\/wp\/v2\/media?parent=1219544"}],"wp:term":[{"taxonomy":"category","embeddable":true,"href":"https:\/\/www.acapulcopress.com\/index.php\/wp-json\/wp\/v2\/categories?post=1219544"},{"taxonomy":"post_tag","embeddable":true,"href":"https:\/\/www.acapulcopress.com\/index.php\/wp-json\/wp\/v2\/tags?post=1219544"}],"curies":[{"name":"wp","href":"https:\/\/api.w.org\/{rel}","templated":true}]}}