{"id":1219556,"date":"2021-01-21T21:34:40","date_gmt":"2021-01-22T03:34:40","guid":{"rendered":"https:\/\/www.acapulcopress.com\/?p=1219556"},"modified":"2021-01-21T21:34:40","modified_gmt":"2021-01-22T03:34:40","slug":"prescripcion-no-exime-violacion-casofelix","status":"publish","type":"post","link":"https:\/\/www.acapulcopress.com\/index.php\/2021\/01\/21\/prescripcion-no-exime-violacion-casofelix\/","title":{"rendered":"Prescripci\u00f3n no exime violaci\u00f3n | #CasoF\u00e9lix"},"content":{"rendered":"<p style=\"text-align: justify;\"><em><strong>* La prescripci\u00f3n de una acusaci\u00f3n de violaci\u00f3n en contra de F\u00e9lix Salgado Macedonio, precandidato de Morena al Gobierno de Guerrero, no implica que el delito no haya existido, coinciden diputadas del PRI, PAN y Morena, integrantes de Comisi\u00f3n de Igualdad de G\u00e9nero de la C\u00e1mara de Diputados que, junto con el Colectivo 50 m\u00e1s 1, exigen anular la candidatura de &#8216;el Toro sin cerca&#8217; en Guerrero.<\/strong><\/em><br \/>\n<em>* \u00abLa impunidad mata al Estado de derecho\u00bb; postular a una persona pese a que est\u00e1 en entredicho su comportamiento hacia las mujeres es reprobable, sostienen Aurora Aguilar,\u00a0 portavoz del Colectivo 50 m\u00e1s 1, y la diputada del PRI, Mariana Mier y Ter\u00e1n.<\/em><\/p>\n<p>CIUDAD DE M\u00c9XICO. * 21 de enero de 2021.<br \/>\n<em>] <a href=\"https:\/\/politica.expansion.mx\/mexico\/2021\/01\/21\/diputadas-piden-a-la-fiscalia-de-guerrero-tomar-acciones-contra-salgado\" target=\"_blank\" rel=\"noopener\">Pol\u00edtica Expansi\u00f3n<\/a> \/ <a href=\"https:\/\/enfoquenoticias.com.mx\/noticias\/exigen-que-f-lix-salgado-macedonio-no-sea-candidato-de-morena-en-guerrero?__cf_chl_jschl_tk__=34296444fe0885f1f125d75f5edd5e229b5878a6-1611283528-0-AYlNzH-UyGyzLX30-DnqFx895HzsKPnKeWVs_XrZB0wZa0ozOj28dV0E-9bda9DmoJvX_Vq_Jjb5iDoLd8i1NWFYxahyRbFiDA-ntH2L6DE5_wTzDuScC-4OMq5NMUSkoNbb_996XR4MkcOdDscCVCWGPrZnrvyzCsebG8AD7bKPyay6VoWVLNYqk1xG_9sru8p-S_GYYA9l-vvh9UT16jWifNmA2-ZXGMlNoVnpvCe5xX5UoFS9k2Y3y7wn9OuYzHdd3dYx2s-1Xyu5sLV49fohX42__FH_0eAsVg2ZZm732D7dCH3OB8QZesmJ2GxwMPiP08FeypSnNrZNllvWpeJeDsKYGUmV9kwbsFfZodXFWeuUQ3RAHGTjR7WEGMbovLfHW7J64e2hB_ScphWfVfX7z43IUQQ7IHtqydtPexMy\" target=\"_blank\" rel=\"noopener\">Enfoque Noticias<\/a>.<\/em><\/p>\n<p style=\"text-align: justify;\">Diputadas de Morena, PAN y PRI, as\u00ed como integrantes del<em> Colectivo 50 m\u00e1s 1<\/em>, se\u00f1alaron que la prescripci\u00f3n de una acusaci\u00f3n de violaci\u00f3n en contra de F\u00e9lix Salgado Macedonio, precandidato de Morena al gobierno de Guerrero, no implica que el delito no haya existido, y recordaron que hay otra denuncia en contra del senador con licencia.<\/p>\n<p style=\"text-align: justify;\">La morenista, Wendi Brise\u00f1o calific\u00f3 de grave y delicado que la Fiscal\u00eda General de Guerrero, con celeridad y en pleno proceso electoral, haya emitido una resoluci\u00f3n que no ayuda a encontrar verdad y justicia, pero tampoco es una declaraci\u00f3n de inocencia.<\/p>\n<p style=\"text-align: justify;\">Pidi\u00f3 a Morena que no postule candidatos con estos antecedentes por su impacto en la vida democr\u00e1tica, en la gobernabilidad de un estado y, adem\u00e1s, garantizar a una entidad el mejor gobierno a partir de un buen perfil.<\/p>\n<p>Aurora Aguilar del <em>colectivo 50 m\u00e1s 1<\/em>, destac\u00f3 que la impunidad mata al Estado de derecho.<\/p>\n<p style=\"text-align: justify;\">La diputada del PRI, Mariana Mier y Ter\u00e1n cuestion\u00f3 que se busque postular a una persona pese a que est\u00e1 en entredicho su comportamiento hacia las mujeres.<\/p>\n<p>En un pronunciamiento, la Comisi\u00f3n de Igualdad de G\u00e9nero de la C\u00e1mara de Diputados exhort\u00f3 a los partidos pol\u00edticos a cumplir los lineamientos<em> 3 de 3 c<\/em>ontra la violencia de g\u00e9nero y que precisan que no pueden ser candidatos o candidatas agresores, violentadores sexuales y deudores alimentarios.<\/p>\n<p style=\"text-align: justify;\">Pidi\u00f3 a todos los institutos pol\u00edticos tener voluntad pol\u00edtica para, en su caso, tomar decisiones que reivindiquen a las v\u00edctimas y no a los presuntos agresores.<\/p>\n<p style=\"text-align: justify;\"><strong>CRONOLOG\u00cdA<\/strong><\/p>\n<p style=\"text-align: justify;\">F\u00e9lix Salgado Macedonio, precandidato de Morena a la gubernatura de Guerrero, fue exonerado ayer de una de las dos denuncias presentadas en su contra por el delito de violaci\u00f3n, lo que podr\u00eda abrirle el paso para continuar con sus aspiraciones pol\u00edticas, alertaron este jueves diputadas federales.<\/p>\n<p style=\"text-align: justify;\">La noche del mi\u00e9rcoles, la Fiscal\u00eda General de Guerrero (FGEG) anunci\u00f3 en un comunicado que dej\u00f3 sin efectos una denuncia presentada contra Salgado Macedonio en noviembre de 2020, la cual corresponde a hechos presuntamente cometidos en 1998 en agravio de una menor de edad.<\/p>\n<p style=\"text-align: justify;\"><img loading=\"lazy\" decoding=\"async\" class=\"alignleft size-medium wp-image-1219469\" src=\"https:\/\/www.acapulco.press\/wp-content\/uploads\/2021\/01\/COMUNICADO-FELIX-375x486.jpg\" alt=\"\" width=\"375\" height=\"486\" \/>\u00abSe realiz\u00f3 el estudio y an\u00e1lisis jur\u00eddico mediante el cual se ha determinado que se encuentra prescrita la acci\u00f3n penal, en virtud de que la denuncia fue presentada en noviembre de 2020 sobre supuestos hechos de 1998, es decir, 22 a\u00f1os despu\u00e9s.<\/p>\n<p style=\"text-align: justify;\">\u00abDe conformidad con lo dispuestos en el art\u00edculo 92 y dem\u00e1s aplicables del C\u00f3digo Penal vigente al momento de los hechos, se ha extinguido la acci\u00f3n penal a favor del imputado\u00bb, se\u00f1al\u00f3 la Fiscal\u00eda estatal, a la vez que abog\u00f3 por la \u00abpresunci\u00f3n de inocencia\u00bb.<\/p>\n<p style=\"text-align: justify;\">La denuncia desechada le fue turnada a la Fiscal\u00eda de Guerrero este mes por parte de la Fiscal\u00eda General de la Rep\u00fablica (FGR), que se declar\u00f3 incompetente para investigar y resolver la presunta violaci\u00f3n cometida en 1998 por el senador con licencia.<\/p>\n<p style=\"text-align: justify;\">Sin embargo, todav\u00eda hay una investigaci\u00f3n en proceso por otra denuncia presentada en 2017 contra el pol\u00edtico, tambi\u00e9n por el delito de violaci\u00f3n. La Fiscal\u00eda de Guerrero indic\u00f3 que una vez que la Direcci\u00f3n General Jur\u00eddico Consultiva concluya el an\u00e1lisis de este caso, se informar\u00e1 si procede o no la acci\u00f3n penal contra Salgado Macedonio.<\/p>\n<p style=\"text-align: justify;\">Tras darse a conocer la resoluci\u00f3n sobre el primer caso, las integrantes de la Comisi\u00f3n de Igualdad de la C\u00e1mara de Diputados emitieron este jueves un pronunciamiento en el que exigen a la FGE hacer el desahogo de pruebas estrictamente en apego a derecho y con perspectiva de g\u00e9nero.<\/p>\n","protected":false},"excerpt":{"rendered":"<p>* La prescripci\u00f3n de una acusaci\u00f3n de violaci\u00f3n en contra de F\u00e9lix Salgado Macedonio, precandidato de Morena al Gobierno de Guerrero, no implica que el delito no haya existido, coinciden diputadas del PRI, PAN y Morena, integrantes de Comisi\u00f3n de Igualdad de G\u00e9nero de la C\u00e1mara de Diputados que, junto con el Colectivo 50 m\u00e1s&#8230;<\/p>\n","protected":false},"author":2,"featured_media":1219566,"comment_status":"closed","ping_status":"closed","sticky":false,"template":"","format":"standard","meta":{"footnotes":""},"categories":[2053,1972,1997],"tags":[2887,3116,4419,5995,8467,8682,12623,13297,14184,14404,14804,14914,17923,18025],"class_list":["post-1219556","post","type-post","status-publish","format-standard","has-post-thumbnail","hentry","category-elecciones-special","category-special","category-noticias-destacadas","tag-toroviolador","tag-abuso-sexual","tag-aurora-aguilar","tag-colectivo-50-mas-1","tag-felix-salgado-macedonio","tag-fiscalia-general-de-guerrero-fge","tag-mariana-mier-y-teran","tag-morena","tag-pan","tag-pedofilia","tag-prd","tag-pri","tag-violacion","tag-wendi-briseno"],"_links":{"self":[{"href":"https:\/\/www.acapulcopress.com\/index.php\/wp-json\/wp\/v2\/posts\/1219556","targetHints":{"allow":["GET"]}}],"collection":[{"href":"https:\/\/www.acapulcopress.com\/index.php\/wp-json\/wp\/v2\/posts"}],"about":[{"href":"https:\/\/www.acapulcopress.com\/index.php\/wp-json\/wp\/v2\/types\/post"}],"author":[{"embeddable":true,"href":"https:\/\/www.acapulcopress.com\/index.php\/wp-json\/wp\/v2\/users\/2"}],"replies":[{"embeddable":true,"href":"https:\/\/www.acapulcopress.com\/index.php\/wp-json\/wp\/v2\/comments?post=1219556"}],"version-history":[{"count":0,"href":"https:\/\/www.acapulcopress.com\/index.php\/wp-json\/wp\/v2\/posts\/1219556\/revisions"}],"wp:featuredmedia":[{"embeddable":true,"href":"https:\/\/www.acapulcopress.com\/index.php\/wp-json\/"}],"wp:attachment":[{"href":"https:\/\/www.acapulcopress.com\/index.php\/wp-json\/wp\/v2\/media?parent=1219556"}],"wp:term":[{"taxonomy":"category","embeddable":true,"href":"https:\/\/www.acapulcopress.com\/index.php\/wp-json\/wp\/v2\/categories?post=1219556"},{"taxonomy":"post_tag","embeddable":true,"href":"https:\/\/www.acapulcopress.com\/index.php\/wp-json\/wp\/v2\/tags?post=1219556"}],"curies":[{"name":"wp","href":"https:\/\/api.w.org\/{rel}","templated":true}]}}