{"id":1219585,"date":"2021-01-21T23:02:59","date_gmt":"2021-01-22T05:02:59","guid":{"rendered":"https:\/\/www.acapulcopress.com\/?p=1219585"},"modified":"2021-01-21T23:02:59","modified_gmt":"2021-01-22T05:02:59","slug":"ceder-para-ganar","status":"publish","type":"post","link":"https:\/\/www.acapulcopress.com\/index.php\/2021\/01\/21\/ceder-para-ganar\/","title":{"rendered":"Ceder para ganar&#8230;"},"content":{"rendered":"<p style=\"text-align: justify;\"><em>Un Rapid\u00edn<\/em><br \/>\n<strong>\u00bb con \u00c1ngel Irra Carceda<\/strong><br \/>\n<em>] angelirracar@hotmail.com<\/em><\/p>\n<p style=\"text-align: justify;\">Dicen, dicen, dicen\u2026 que Mario Morena Arcos avanza en la contienda interna de la alianza PRI-PRD por la candidatura com\u00fan a la gubernatura.<\/p>\n<p style=\"text-align: justify;\">Pero, igual, que Evodio Vel\u00e1zquez Aguirre sigue en chinga para no perderla.<\/p>\n<p style=\"text-align: justify;\">La cuesti\u00f3n aqu\u00ed es que esa virtual alianza no se fracture al cuarto para las doce.<\/p>\n<p style=\"text-align: justify;\">Lo he citado antes, si no abortan la alianza, salga quien salga como candidato com\u00fan a la gubernatura derrotar\u00e1n al abanderado de Morena.<\/p>\n<p style=\"text-align: justify;\">Me parece incre\u00edble que hoy, desde las entra\u00f1as de Morena, el partido pol\u00edtico montado en la Presidencia, que tiene el poder en el pa\u00eds, expulsen olores tan nauseabundos, pol\u00edticamente hablando, en Guerrero.<\/p>\n<p style=\"text-align: justify;\">Si AMLO no tiene una \u00faltima jugada magistral en esta jugada de naipes electoral para ganar Guerrero, entonces quedar\u00e1 claro que no le interesa, que no es prioridad.<\/p>\n<p style=\"text-align: justify;\">Hasta ahora como se observa el escenario, parece que as\u00ed ser\u00eda, y que su inter\u00e9s estar\u00eda en las diputaciones federales, que \u2013eso s\u00ed- es su m\u00e1xima prioridad.<\/p>\n<p style=\"text-align: justify;\">Cosas de la pol\u00edtica. Cosas de llegar a acuerdos. Cosas de saber ceder para alcanzar objetivos.<br \/>\n\u00bfQui\u00e9n puede decir que perdiendo no se gana?<\/p>\n","protected":false},"excerpt":{"rendered":"<p>Un Rapid\u00edn \u00bb con \u00c1ngel Irra Carceda ] angelirracar@hotmail.com Dicen, dicen, dicen\u2026 que Mario Morena Arcos avanza en la contienda interna de la alianza PRI-PRD por la candidatura com\u00fan a la gubernatura. Pero, igual, que Evodio Vel\u00e1zquez Aguirre sigue en chinga para no perderla. La cuesti\u00f3n aqu\u00ed es que esa virtual alianza no se fracture&#8230;<\/p>\n","protected":false},"author":2,"featured_media":1218881,"comment_status":"closed","ping_status":"closed","sticky":false,"template":"","format":"standard","meta":{"footnotes":""},"categories":[2071,1991],"tags":[3938,9302,12685,14804,14914,17511],"class_list":["post-1219585","post","type-post","status-publish","format-standard","has-post-thumbnail","hentry","category-opinion-analisis-columnas","category-libertad-de-expresion","tag-angel-irra-carceda","tag-gobierno-de-guerrero","tag-mario-moreno-arcos","tag-prd","tag-pri","tag-un-rapidin"],"_links":{"self":[{"href":"https:\/\/www.acapulcopress.com\/index.php\/wp-json\/wp\/v2\/posts\/1219585","targetHints":{"allow":["GET"]}}],"collection":[{"href":"https:\/\/www.acapulcopress.com\/index.php\/wp-json\/wp\/v2\/posts"}],"about":[{"href":"https:\/\/www.acapulcopress.com\/index.php\/wp-json\/wp\/v2\/types\/post"}],"author":[{"embeddable":true,"href":"https:\/\/www.acapulcopress.com\/index.php\/wp-json\/wp\/v2\/users\/2"}],"replies":[{"embeddable":true,"href":"https:\/\/www.acapulcopress.com\/index.php\/wp-json\/wp\/v2\/comments?post=1219585"}],"version-history":[{"count":0,"href":"https:\/\/www.acapulcopress.com\/index.php\/wp-json\/wp\/v2\/posts\/1219585\/revisions"}],"wp:featuredmedia":[{"embeddable":true,"href":"https:\/\/www.acapulcopress.com\/index.php\/wp-json\/"}],"wp:attachment":[{"href":"https:\/\/www.acapulcopress.com\/index.php\/wp-json\/wp\/v2\/media?parent=1219585"}],"wp:term":[{"taxonomy":"category","embeddable":true,"href":"https:\/\/www.acapulcopress.com\/index.php\/wp-json\/wp\/v2\/categories?post=1219585"},{"taxonomy":"post_tag","embeddable":true,"href":"https:\/\/www.acapulcopress.com\/index.php\/wp-json\/wp\/v2\/tags?post=1219585"}],"curies":[{"name":"wp","href":"https:\/\/api.w.org\/{rel}","templated":true}]}}