{"id":1219591,"date":"2021-01-21T23:19:24","date_gmt":"2021-01-22T05:19:24","guid":{"rendered":"https:\/\/www.acapulcopress.com\/?p=1219591"},"modified":"2021-01-21T23:19:24","modified_gmt":"2021-01-22T05:19:24","slug":"a-un-ano-de-su-partida-uagro-recuerda-ejemplo-de-don-pablo-sandoval-cruz","status":"publish","type":"post","link":"https:\/\/www.acapulcopress.com\/index.php\/2021\/01\/21\/a-un-ano-de-su-partida-uagro-recuerda-ejemplo-de-don-pablo-sandoval-cruz\/","title":{"rendered":"A un a\u00f1o de su partida, UAGro recuerda ejemplo de Don Pablo Sandoval Cruz"},"content":{"rendered":"<p style=\"text-align: justify;\">CHILPANCINGO. * 21 de enero de 2021.<br \/>\n] UAGro.<\/p>\n<p style=\"text-align: justify;\">A un a\u00f1o de su partida, el Rector de la UAGro, Javier Salda\u00f1a Almaz\u00e1n, record\u00f3 a su \u00abgran amigo y admirable luchador social Don Pablo Sandoval Cruz\u00bb.<\/p>\n<p>\u00abHoy, a un a\u00f1o de su partida, lo recordamos al seguir su ejemplo, trabajar a favor de nuestra Alma Mater y por el pueblo de Guerrero. Descanse en paz\u00bb, dijo.<\/p>\n","protected":false},"excerpt":{"rendered":"<p>CHILPANCINGO. * 21 de enero de 2021. ] UAGro. A un a\u00f1o de su partida, el Rector de la UAGro, Javier Salda\u00f1a Almaz\u00e1n, record\u00f3 a su \u00abgran amigo y admirable luchador social Don Pablo Sandoval Cruz\u00bb. \u00abHoy, a un a\u00f1o de su partida, lo recordamos al seguir su ejemplo, trabajar a favor de nuestra Alma&#8230;<\/p>\n","protected":false},"author":2,"featured_media":1219592,"comment_status":"closed","ping_status":"closed","sticky":false,"template":"","format":"standard","meta":{"footnotes":""},"categories":[18561,2016],"tags":[6705,7474,10644,17463,17610],"class_list":["post-1219591","post","type-post","status-publish","format-standard","has-post-thumbnail","hentry","category-society-politics","category-uagro-society-politics","tag-covid19","tag-dr-pablo-sandoval-cruz","tag-javier-saldana-almazan","tag-uagro","tag-universidad-autonoma-de-guerrero-uagro"],"_links":{"self":[{"href":"https:\/\/www.acapulcopress.com\/index.php\/wp-json\/wp\/v2\/posts\/1219591","targetHints":{"allow":["GET"]}}],"collection":[{"href":"https:\/\/www.acapulcopress.com\/index.php\/wp-json\/wp\/v2\/posts"}],"about":[{"href":"https:\/\/www.acapulcopress.com\/index.php\/wp-json\/wp\/v2\/types\/post"}],"author":[{"embeddable":true,"href":"https:\/\/www.acapulcopress.com\/index.php\/wp-json\/wp\/v2\/users\/2"}],"replies":[{"embeddable":true,"href":"https:\/\/www.acapulcopress.com\/index.php\/wp-json\/wp\/v2\/comments?post=1219591"}],"version-history":[{"count":0,"href":"https:\/\/www.acapulcopress.com\/index.php\/wp-json\/wp\/v2\/posts\/1219591\/revisions"}],"wp:featuredmedia":[{"embeddable":true,"href":"https:\/\/www.acapulcopress.com\/index.php\/wp-json\/"}],"wp:attachment":[{"href":"https:\/\/www.acapulcopress.com\/index.php\/wp-json\/wp\/v2\/media?parent=1219591"}],"wp:term":[{"taxonomy":"category","embeddable":true,"href":"https:\/\/www.acapulcopress.com\/index.php\/wp-json\/wp\/v2\/categories?post=1219591"},{"taxonomy":"post_tag","embeddable":true,"href":"https:\/\/www.acapulcopress.com\/index.php\/wp-json\/wp\/v2\/tags?post=1219591"}],"curies":[{"name":"wp","href":"https:\/\/api.w.org\/{rel}","templated":true}]}}