{"id":1219597,"date":"2021-01-21T23:54:51","date_gmt":"2021-01-22T05:54:51","guid":{"rendered":"https:\/\/www.acapulcopress.com\/?p=1219597"},"modified":"2021-01-21T23:54:51","modified_gmt":"2021-01-22T05:54:51","slug":"suspender-muro-proteger-dreamers-y-energias-limpias-muy-buenas-senales-de-biden-pan","status":"publish","type":"post","link":"https:\/\/www.acapulcopress.com\/index.php\/2021\/01\/21\/suspender-muro-proteger-dreamers-y-energias-limpias-muy-buenas-senales-de-biden-pan\/","title":{"rendered":"Suspender muro, proteger dreamers y energ\u00edas limpias, muy buenas se\u00f1ales de Biden | PAN"},"content":{"rendered":"<p style=\"text-align: justify;\">CIUDAD DE M\u00c9XICO. * 21 de enero de 2021.<br \/>\n] Prensa PAN.<\/p>\n<p style=\"text-align: justify;\">Acci\u00f3n Nacional celebra las primeras decisiones tomadas por el Presidente, Joe Biden, entre las que destacan el freno a la construcci\u00f3n del muro de Trump en la frontera con M\u00e9xico, el reforzamiento del programa DACA que protege a los j\u00f3venes indocumentados de la deportaci\u00f3n y un claro compromiso con las energ\u00edas limpias, pues son pol\u00edticas que impactan directamente a nuestro pa\u00eds y a las comunidades latinas, afirm\u00f3 su dirigente nacional, Marko Cort\u00e9s Mendoza.<\/p>\n<p style=\"text-align: justify;\">Estas medidas son muy buenas se\u00f1ales de parte de Biden y requieren del gobierno de M\u00e9xico una respuesta de buena voluntad, para fortalecer una relaci\u00f3n bilateral basada en el respeto y la confianza, lejos de las acusaciones y las insidias que enrarecen y perjudican el trato cotidiano con nuestro principal socio comercial.<\/p>\n<p style=\"text-align: justify;\">Cort\u00e9s Mendoza se\u00f1al\u00f3 que con la toma de posesi\u00f3n de Biden culmina un proceso electoral que deja muchas lecciones para M\u00e9xico, entre ellas, que el populismo puede ser vencido con la participaci\u00f3n de las mayor\u00edas conscientes en las urnas.<\/p>\n<p style=\"text-align: justify;\">Expres\u00f3 su confianza en que tambi\u00e9n se mejoren las pol\u00edticas en migraci\u00f3n, seguridad, tr\u00e1fico de armas y consumo de drogas.<\/p>\n<p style=\"text-align: justify;\">\u201cHacemos votos, dijo Cort\u00e9s Mendoza, para que la administraci\u00f3n de Joe Biden trate a M\u00e9xico con respeto y dignidad, no como Donald Trump, quien trat\u00f3 con desprecio a nuestros connacionales y que, literalmente, someti\u00f3 a sus caprichos a L\u00f3pez Obrador para obligarlo a usar a la Guardia Nacional como polic\u00eda migratoria para contener a los migrantes centroamericanos que deseaban llegar a Estados Unidos\u201d.<\/p>\n<p style=\"text-align: justify;\">Para Acci\u00f3n Nacional, reiter\u00f3, \u201ces de la mayor relevancia que los temas de comercio, migraci\u00f3n, seguridad, energ\u00edas renovables, tr\u00e1fico de armas, combate al narcotr\u00e1fico y protecci\u00f3n del medio ambiente, alcancen una nueva dimensi\u00f3n en la era Biden que beneficien a la mayor\u00eda de la poblaci\u00f3n de ambos pa\u00edses, mediante el di\u00e1logo, el entendimiento y la negociaci\u00f3n, y no con la imposici\u00f3n de medidas unilaterales\u201d.<\/p>\n<p style=\"text-align: justify;\">Por eso, a\u00f1adi\u00f3, coincidimos plenamente con el mensaje de unidad del Presidente Biden, porque no es con la divisi\u00f3n ni el encono como se puede apostar hacia un mejor futuro. Por eso, nuevamente hacemos un llamado al Presidente L\u00f3pez Obrador para que siga el ejemplo de Biden de unir a los mexicanos, no insistir en dividirlos entre quienes est\u00e1n con \u00e9l y los que err\u00f3neamente considera son sus enemigos.<\/p>\n<p style=\"text-align: justify;\">Por \u00faltimo, Cort\u00e9s Mendoza se\u00f1al\u00f3 que Acci\u00f3n Nacional apoyar\u00e1 en todo lo que sea viable para que la nueva relaci\u00f3n bilateral con Estados Unidos sea fruct\u00edfera para los ciudadanos de ambas naciones. \u201cEn Acci\u00f3n Nacional encontrar\u00e1n a un aliado para trazar una ruta de cambio con futuro y prosperidad para todas y todos\u201d.<\/p>\n","protected":false},"excerpt":{"rendered":"<p>CIUDAD DE M\u00c9XICO. * 21 de enero de 2021. ] Prensa PAN. Acci\u00f3n Nacional celebra las primeras decisiones tomadas por el Presidente, Joe Biden, entre las que destacan el freno a la construcci\u00f3n del muro de Trump en la frontera con M\u00e9xico, el reforzamiento del programa DACA que protege a los j\u00f3venes indocumentados de la&#8230;<\/p>\n","protected":false},"author":2,"featured_media":1219598,"comment_status":"closed","ping_status":"closed","sticky":false,"template":"","format":"standard","meta":{"footnotes":""},"categories":[1969],"tags":[6880,7492,7960,10820,13426,14269],"class_list":["post-1219597","post","type-post","status-publish","format-standard","has-post-thumbnail","hentry","category-trending","tag-daca","tag-dreamers","tag-energias-limpias","tag-joe-biden","tag-muro-fronterizo","tag-partido-accion-nacional-pan"],"_links":{"self":[{"href":"https:\/\/www.acapulcopress.com\/index.php\/wp-json\/wp\/v2\/posts\/1219597","targetHints":{"allow":["GET"]}}],"collection":[{"href":"https:\/\/www.acapulcopress.com\/index.php\/wp-json\/wp\/v2\/posts"}],"about":[{"href":"https:\/\/www.acapulcopress.com\/index.php\/wp-json\/wp\/v2\/types\/post"}],"author":[{"embeddable":true,"href":"https:\/\/www.acapulcopress.com\/index.php\/wp-json\/wp\/v2\/users\/2"}],"replies":[{"embeddable":true,"href":"https:\/\/www.acapulcopress.com\/index.php\/wp-json\/wp\/v2\/comments?post=1219597"}],"version-history":[{"count":0,"href":"https:\/\/www.acapulcopress.com\/index.php\/wp-json\/wp\/v2\/posts\/1219597\/revisions"}],"wp:featuredmedia":[{"embeddable":true,"href":"https:\/\/www.acapulcopress.com\/index.php\/wp-json\/"}],"wp:attachment":[{"href":"https:\/\/www.acapulcopress.com\/index.php\/wp-json\/wp\/v2\/media?parent=1219597"}],"wp:term":[{"taxonomy":"category","embeddable":true,"href":"https:\/\/www.acapulcopress.com\/index.php\/wp-json\/wp\/v2\/categories?post=1219597"},{"taxonomy":"post_tag","embeddable":true,"href":"https:\/\/www.acapulcopress.com\/index.php\/wp-json\/wp\/v2\/tags?post=1219597"}],"curies":[{"name":"wp","href":"https:\/\/api.w.org\/{rel}","templated":true}]}}