{"id":1219605,"date":"2021-01-22T00:08:10","date_gmt":"2021-01-22T06:08:10","guid":{"rendered":"https:\/\/www.acapulcopress.com\/?p=1219605"},"modified":"2021-01-22T00:08:10","modified_gmt":"2021-01-22T06:08:10","slug":"es-oficial-iguala-y-taxco-pasan-a-semaforo-rojo-anuncia-gobernador","status":"publish","type":"post","link":"https:\/\/www.acapulcopress.com\/index.php\/2021\/01\/22\/es-oficial-iguala-y-taxco-pasan-a-semaforo-rojo-anuncia-gobernador\/","title":{"rendered":"Es Oficial: Iguala y Taxco pasan a &#8216;sem\u00e1foro rojo&#8217;, anuncia Gobernador"},"content":{"rendered":"<p style=\"text-align: justify;\">ACAPULCO. * 21 de enero de 2021.<br \/>\n<em>] Gobierno de Guerrero.<\/em><\/p>\n<p style=\"text-align: justify;\">A partir de ma\u00f1ana, los municipios de Iguala y Taxco pasar\u00e1n a sem\u00e1foro rojo, lo que implica medidas m\u00e1s estrictas que disminuyan la movilidad y los contagios, inform\u00f3 el gobernador del estado, H\u00e9ctor Astudillo Flores, quien a\u00f1adi\u00f3 que esta decisi\u00f3n se tom\u00f3 en coordinaci\u00f3n con los Cabildos de ambos ayuntamientos, quienes solicitaron al Consejo Estatal de Salud su activaci\u00f3n para inhibir el aumento de casos de Covid-19.<\/p>\n<p style=\"text-align: justify;\">Record\u00f3 que se est\u00e1 trabajando de manera intensa para la reconversi\u00f3n del hospital de Chilpancingo y se mantiene comunicaci\u00f3n constante con los alcaldes tanto de Taxco como de Iguala, para poder seguir enfocando los esfuerzos en torno a esta situaci\u00f3n. De acuerdo a lo establecido con los Cabildos, estas acciones est\u00e1n encaminadas a salvaguardar la salud los ciudadanos, esto a trav\u00e9s de una serie de medidas que buscan evitar aglomeraciones \u2013y por ende los contagios- tanto en lugares p\u00fablicos como en negocios, transporte p\u00fablico, centros comerciales, entre otros.<\/p>\n<p style=\"text-align: justify;\">En su mensaje diario, el mandatario estatal destac\u00f3 que tambi\u00e9n se han redoblado las estrategias preventivas en el resto de los municipios que muestran altos \u00edndices en relaci\u00f3n a este padecimiento, destacando Acapulco y Chilpancingo, que han tenido un aumento significativo en los \u00faltimos d\u00edas.<\/p>\n<p style=\"text-align: justify;\">Acompa\u00f1ado por el secretario de Salud, Carlos de la Pe\u00f1a Pintos, el gobernador refiri\u00f3 que desde el primer momento en que se emiti\u00f3 la alerta epidemiol\u00f3gica por el Covid-19 en Guerrero, se ha trabajado para atender la situaci\u00f3n, por lo que en este \u00faltimo a\u00f1o se ha atendido de manera directa y oportuna todo lo relacionado con la pandemia.<\/p>\n<p style=\"text-align: justify;\">De nueva cuenta pidi\u00f3 a la poblaci\u00f3n ser part\u00edcipe de esta labor, pues ning\u00fan esfuerzo es suficiente sin la participaci\u00f3n y corresponsabilidad de la poblaci\u00f3n.<\/p>\n<p style=\"text-align: justify;\">\u201cHace un a\u00f1o lleg\u00f3 el aviso epidemiol\u00f3gico a Guerrero; hace un a\u00f1o nos dijeron, el Covid es una realidad en M\u00e9xico, a partir de ese d\u00eda comenzamos a prepararnos. Llevamos un a\u00f1o en una serie de acciones, hoy lo cumplimos, para enfrentar el tema del Covid. No nos imaginamos hace un a\u00f1o que esta pandemia iba a llegar hasta donde ha llegado y que iba a tener un rebrote, como lo est\u00e1 manifestando en estos \u00faltimos d\u00edas; lo digo con toda la claridad, no es un tema de Guerrero, es un tema del mundo, es un tema de M\u00e9xico y al que no es la excepci\u00f3n Guerrero\u201d, dijo.<\/p>\n<p style=\"text-align: justify;\">En este mismo contexto, Astudillo Flores inform\u00f3 que en el marco de una reuni\u00f3n con la secretaria de Gobernaci\u00f3n, Olga S\u00e1nchez Cordero y el subsecretario de Prevenci\u00f3n y Promoci\u00f3n de la Salud del gobierno federal, Hugo L\u00f3pez-Gatell, se dio a conocer que a pesar de que hay un desfase de 15 d\u00edas en cuanto a la entrega de vacunas por parte de Pfizer, no habr\u00e1 afectaci\u00f3n en los tiempos para la aplicaci\u00f3n de la dosis a los adultos mayores. Por lo que se mantiene firme el proyecto para los meses de febrero y marzo; lo mismo que con el personal m\u00e9dico que labora en los hospitales privados, que se contempla, se realizar\u00e1 en el tercer mes del a\u00f1o.<\/p>\n<p style=\"text-align: justify;\"><strong>Los n\u00fameros del Covid-19 en Guerrero<\/strong><\/p>\n<p style=\"text-align: justify;\">En su intervenci\u00f3n, De la Pe\u00f1a Pintos coincidi\u00f3 en se\u00f1alar que este retraso no debe representar un riesgo mayor e insisti\u00f3 en que el mayor peligro se da en el momento en el que no se toman las debidas precauciones y se dejan de lado los protocolos sanitarios.<\/p>\n<p style=\"text-align: justify;\">\u201cLa vacuna no va a venir con la varita m\u00e1gica. Los cuidados los debemos de seguir teniendo y son cinco las recomendaciones, recuerden, uso de cubrebocas, lavado constante de manos, evitar las aglomeraciones, evitar los lugares cerrados y la sana distancia. Esa es la mejor conducta que podemos llevar a cabo\u201d, puntualiz\u00f3.<\/p>\n<p style=\"text-align: justify;\">Reiter\u00f3 su llamado a disminuir la movilidad, para reducir el riesgo de contagio, particularmente en la poblaci\u00f3n de adultos mayores, quienes han sido los m\u00e1s afectados. Pidi\u00f3 a la poblaci\u00f3n esperar la vacuna con \u201coptimismo razonable\u201d, sin dejar de lado las medidas de autocuidado y la corresponsabilidad.<\/p>\n<p style=\"text-align: justify;\">En cuanto a los n\u00fameros, dio a conocer que hay 29 mil 154 casos acumulados, confirmados y 2 mil 904 defunciones, con un claro comportamiento ondulante ascendente; hay 439 personas hospitalizadas, de las cuales 71 se encuentran en estado cr\u00edtico intubados.<\/p>\n<p style=\"text-align: justify;\">Enfatiz\u00f3 el aumento que se ha registrado en la ocupaci\u00f3n hospitalaria, haciendo un comparativo del 4 de enero cuando se ten\u00eda un registro del 36%, contra este jueves, con una tendencia del 62%, lo que representa un incremento importante en los \u00faltimos 17 d\u00edas. En lo que va del mes de enero se han registrado 366 defunciones, con un promedio de 18.3 decesos por d\u00eda.<\/p>\n<p style=\"text-align: justify;\">Tambi\u00e9n dijo que Guerrero se encuentra ligeramente arriba de la media nacional, con 62 puntos porcentuales en comparaci\u00f3n del 61 por ciento que se mantiene en el pa\u00eds. En cuanto a las camas con ventilador, se encuentra por debajo, con un 35% contra el 53% que se registra.<\/p>\n<p style=\"text-align: justify;\">Para concluir, De la Pe\u00f1a Pintos pidi\u00f3 la colaboraci\u00f3n en este tema, pues de acuerdo a los resultados y monitoreo, resalta el incremento de contagios, hospitalizaciones y defunciones.<\/p>\n","protected":false},"excerpt":{"rendered":"<p>ACAPULCO. * 21 de enero de 2021. ] Gobierno de Guerrero. A partir de ma\u00f1ana, los municipios de Iguala y Taxco pasar\u00e1n a sem\u00e1foro rojo, lo que implica medidas m\u00e1s estrictas que disminuyan la movilidad y los contagios, inform\u00f3 el gobernador del estado, H\u00e9ctor Astudillo Flores, quien a\u00f1adi\u00f3 que esta decisi\u00f3n se tom\u00f3 en coordinaci\u00f3n&#8230;<\/p>\n","protected":false},"author":2,"featured_media":1219606,"comment_status":"closed","ping_status":"closed","sticky":false,"template":"","format":"standard","meta":{"footnotes":""},"categories":[1972,18573,18574,1983],"tags":[5185,6705,9302,9705,16242,16421],"class_list":["post-1219605","post","type-post","status-publish","format-standard","has-post-thumbnail","hentry","category-special","category-goverment","category-gobierno-la-foto","category-guerrerogob","tag-carlos-de-la-pena-pintos","tag-covid19","tag-gobierno-de-guerrero","tag-hector-astudillo-flores","tag-secretaria-de-salud-de-guerrero-ssg","tag-semaforo-de-riesgo-covid19"],"_links":{"self":[{"href":"https:\/\/www.acapulcopress.com\/index.php\/wp-json\/wp\/v2\/posts\/1219605","targetHints":{"allow":["GET"]}}],"collection":[{"href":"https:\/\/www.acapulcopress.com\/index.php\/wp-json\/wp\/v2\/posts"}],"about":[{"href":"https:\/\/www.acapulcopress.com\/index.php\/wp-json\/wp\/v2\/types\/post"}],"author":[{"embeddable":true,"href":"https:\/\/www.acapulcopress.com\/index.php\/wp-json\/wp\/v2\/users\/2"}],"replies":[{"embeddable":true,"href":"https:\/\/www.acapulcopress.com\/index.php\/wp-json\/wp\/v2\/comments?post=1219605"}],"version-history":[{"count":0,"href":"https:\/\/www.acapulcopress.com\/index.php\/wp-json\/wp\/v2\/posts\/1219605\/revisions"}],"wp:featuredmedia":[{"embeddable":true,"href":"https:\/\/www.acapulcopress.com\/index.php\/wp-json\/"}],"wp:attachment":[{"href":"https:\/\/www.acapulcopress.com\/index.php\/wp-json\/wp\/v2\/media?parent=1219605"}],"wp:term":[{"taxonomy":"category","embeddable":true,"href":"https:\/\/www.acapulcopress.com\/index.php\/wp-json\/wp\/v2\/categories?post=1219605"},{"taxonomy":"post_tag","embeddable":true,"href":"https:\/\/www.acapulcopress.com\/index.php\/wp-json\/wp\/v2\/tags?post=1219605"}],"curies":[{"name":"wp","href":"https:\/\/api.w.org\/{rel}","templated":true}]}}