{"id":1219622,"date":"2021-01-22T20:24:18","date_gmt":"2021-01-23T02:24:18","guid":{"rendered":"https:\/\/www.acapulcopress.com\/?p=1219622"},"modified":"2021-01-22T20:24:18","modified_gmt":"2021-01-23T02:24:18","slug":"vinculan-a-proceso-a-responsable-de-homicidio-en-acapulco","status":"publish","type":"post","link":"https:\/\/www.acapulcopress.com\/index.php\/2021\/01\/22\/vinculan-a-proceso-a-responsable-de-homicidio-en-acapulco\/","title":{"rendered":"Vinculan a proceso a responsable de homicidio en Acapulco"},"content":{"rendered":"<p style=\"text-align: justify;\">CHILPANCINGO. * 22 de enero de 2021.<br \/>\n<em>\u00a0] <a href=\"https:\/\/fiscaliaguerrero.gob.mx\" target=\"_blank\" rel=\"noopener\">https:\/\/fiscaliaguerrero.gob.mx<\/a>.<\/em><\/p>\n<p style=\"text-align: justify;\">La Fiscal\u00eda General del Estado a trav\u00e9s del Ministerio P\u00fablico del Distrito Judicial de Tabares, obtuvo vinculaci\u00f3n a proceso en contra de Gerardo \u00abN\u00bb como probable responsable del delito de homicidio calificado (doloso) en agravio de Joel \u00abN\u00bb.<\/p>\n<p style=\"text-align: justify;\">El imputado en compa\u00f1ia de c\u00f3mplices es acusado de interceptar a la v\u00edctima de oficio transportista y qui\u00e9n conduc\u00eda una camioneta tipo urvan del transporte p\u00fablico, el hecho fue grabado por una c\u00e1mara donde se observa que le disparan con un arma de fuego y posteriormente arrojan el cuerpo a un basurero.<\/p>\n<p style=\"text-align: justify;\">En audiencia, el Ministerio P\u00fablico aport\u00f3 los datos de pruebas en contra del imputado, el Juez de Control lo vincul\u00f3 a proceso, otorg\u00e1ndose cuatro meses de investigaci\u00f3n complementaria y Gerardo \u00abN\u00bb quedar\u00e1 interno en el Centro de Reinserci\u00f3n Social de Acapulco.<\/p>\n","protected":false},"excerpt":{"rendered":"<p>CHILPANCINGO. * 22 de enero de 2021. \u00a0] https:\/\/fiscaliaguerrero.gob.mx. La Fiscal\u00eda General del Estado a trav\u00e9s del Ministerio P\u00fablico del Distrito Judicial de Tabares, obtuvo vinculaci\u00f3n a proceso en contra de Gerardo \u00abN\u00bb como probable responsable del delito de homicidio calificado (doloso) en agravio de Joel \u00abN\u00bb. El imputado en compa\u00f1ia de c\u00f3mplices es acusado&#8230;<\/p>\n","protected":false},"author":2,"featured_media":1219623,"comment_status":"closed","ping_status":"closed","sticky":false,"template":"","format":"standard","meta":{"footnotes":""},"categories":[18561,2005],"tags":[8682,10946,14737],"class_list":["post-1219622","post","type-post","status-publish","format-standard","has-post-thumbnail","hentry","category-society-politics","category-seguridad-y-justicia","tag-fiscalia-general-de-guerrero-fge","tag-jorge-zuriel-de-los-santos-barrila","tag-policia-ministerial-de-guerrero"],"_links":{"self":[{"href":"https:\/\/www.acapulcopress.com\/index.php\/wp-json\/wp\/v2\/posts\/1219622","targetHints":{"allow":["GET"]}}],"collection":[{"href":"https:\/\/www.acapulcopress.com\/index.php\/wp-json\/wp\/v2\/posts"}],"about":[{"href":"https:\/\/www.acapulcopress.com\/index.php\/wp-json\/wp\/v2\/types\/post"}],"author":[{"embeddable":true,"href":"https:\/\/www.acapulcopress.com\/index.php\/wp-json\/wp\/v2\/users\/2"}],"replies":[{"embeddable":true,"href":"https:\/\/www.acapulcopress.com\/index.php\/wp-json\/wp\/v2\/comments?post=1219622"}],"version-history":[{"count":0,"href":"https:\/\/www.acapulcopress.com\/index.php\/wp-json\/wp\/v2\/posts\/1219622\/revisions"}],"wp:featuredmedia":[{"embeddable":true,"href":"https:\/\/www.acapulcopress.com\/index.php\/wp-json\/"}],"wp:attachment":[{"href":"https:\/\/www.acapulcopress.com\/index.php\/wp-json\/wp\/v2\/media?parent=1219622"}],"wp:term":[{"taxonomy":"category","embeddable":true,"href":"https:\/\/www.acapulcopress.com\/index.php\/wp-json\/wp\/v2\/categories?post=1219622"},{"taxonomy":"post_tag","embeddable":true,"href":"https:\/\/www.acapulcopress.com\/index.php\/wp-json\/wp\/v2\/tags?post=1219622"}],"curies":[{"name":"wp","href":"https:\/\/api.w.org\/{rel}","templated":true}]}}