{"id":1219630,"date":"2021-01-22T20:44:34","date_gmt":"2021-01-23T02:44:34","guid":{"rendered":"https:\/\/www.acapulcopress.com\/?p=1219630"},"modified":"2021-01-22T20:44:34","modified_gmt":"2021-01-23T02:44:34","slug":"mario-moreno-un-precandidato-de-unidad-no-de-confrontaciones","status":"publish","type":"post","link":"https:\/\/www.acapulcopress.com\/index.php\/2021\/01\/22\/mario-moreno-un-precandidato-de-unidad-no-de-confrontaciones\/","title":{"rendered":"Mario Moreno, un precandidato de unidad, no de confrontaciones"},"content":{"rendered":"<p style=\"text-align: justify;\">ACAPULCO. * 22 de enero de 2021.<br \/>\n] Especial.<\/p>\n<p style=\"text-align: justify;\">Con la visi\u00f3n de un hombre que se ha formado en el servicio p\u00fablico durante m\u00e1s de 25 a\u00f1os, Mario Moreno Arcos, presidente de la Conferencia de Honor del PRI en Guerrero, dijo estar seguro que hoy los guerrerenses aspiran a la <img loading=\"lazy\" decoding=\"async\" class=\"alignleft size-medium wp-image-1219633\" src=\"https:\/\/www.acapulco.press\/wp-content\/uploads\/2021\/01\/MArio-moreno-4-375x288.jpg\" alt=\"\" width=\"375\" height=\"288\" \/>unidad y no a la confrontaci\u00f3n.<\/p>\n<p style=\"text-align: justify;\">Lo anterior, durante un encuentro con estructuras, sectores y organizaciones del PRI Municipal de Acapulco que preside\u00a0Sof\u00edo Ram\u00edrez Hern\u00e1ndez y Jenny Hern\u00e1ndez, como Secretaria General.<\/p>\n<p style=\"text-align: justify;\">\u201cVamos por la ruta de la victoria 2021 para ganar con nuestros candidatos, nuestras candidatas y con Mario Moreno Arcos\u201d expres\u00f3 Sof\u00edo Ram\u00edrez y tras darle la bienvenida le dijo \u00abreconocemos tu trayectoria y trabajo, tu compromiso y entrega. Gracias Mario por estar aqu\u00ed\u201d, y a\u00f1adi\u00f3 \u00abde Mario reconocemos que viene desde abajo, de la cultura del esfuerzo, reconocemos su humildad, su sencillez y <img loading=\"lazy\" decoding=\"async\" class=\"alignleft size-medium wp-image-1219634\" src=\"https:\/\/www.acapulco.press\/wp-content\/uploads\/2021\/01\/MArio-moreno-5-375x250.jpg\" alt=\"\" width=\"375\" height=\"250\" \/>su don de gente\u00bb.<\/p>\n<p style=\"text-align: justify;\">Por su parte, tras inaugurar la Galer\u00eda Fotogr\u00e1fica de los ex presidentes del CDM del PRI, y arropado por Gabriela Bernal Res\u00e9ndiz, Ricardo Astudillo, Ricardo Taja, Edilma Galena, C\u00e9sar Land\u00edn, Rodolfo Escobar, Guadalupe G\u00f3mez Maganda, Rosaura Rodr\u00edguez, Luis Miguel Terrazas y Ana Mar\u00eda Castilleja, entre otros, Moreno Arcos refiri\u00f3 que lo que menos quieren los guerrerenses es mayor confrontaci\u00f3n y divisi\u00f3n, \u201cpor eso debemos procurar en todo momento cuidar la unidad que estamos impulsando fuertemente desde el tricolor\u201d.<\/p>\n<p style=\"text-align: justify;\"><img loading=\"lazy\" decoding=\"async\" class=\"alignleft size-medium wp-image-1219631\" src=\"https:\/\/www.acapulco.press\/wp-content\/uploads\/2021\/01\/MArio-moreno-2-375x250.jpg\" alt=\"\" width=\"375\" height=\"250\" \/>Precis\u00f3 que al interior de su partido se trabaja cada d\u00eda para consolidarla ya que \u201cvivimos un proceso que nos demanda congruencia con los tiempos actuales en los que debe permear la cohesi\u00f3n y la madurez para no lastimar a nadie sino al contrario, construir y fortalecernos de cara a lo que viene\u201d.<\/p>\n<p style=\"text-align: justify;\">\u00a0\u201cLos pr\u00f3ximos d\u00edas habr\u00e1 de surgir el candidato o candidata a la presidencia municipal del PRI aqu\u00ed en Acapulco y necesitamos estar unidos\u201d, se\u00f1al\u00f3 rotundo Moreno Arcos, quien envi\u00f3 un \u201csaludo afectuoso a un hombre que ha hecho historia trabajando por Acapulco: a mi amigo, el Dr. Manuel <img loading=\"lazy\" decoding=\"async\" class=\"alignleft size-medium wp-image-1219632\" src=\"https:\/\/www.acapulco.press\/wp-content\/uploads\/2021\/01\/MArio-moreno-3-375x250.jpg\" alt=\"\" width=\"375\" height=\"250\" \/>A\u00f1orve Ba\u00f1os con quien vamos a ir juntos a trabajar intensamente por la victoria\u201d<\/p>\n<p style=\"text-align: justify;\">Casi para concluir, Moreno Arcos afirm\u00f3 que \u201cpara ganar elecciones se necesita solamente de un trabajo diario, compromiso y cercan\u00eda con la gente; eso es lo que ha hecho su amigo Mario toda su vida\u201d.<\/p>\n<p style=\"text-align: justify;\">Por \u00faltimo, reconoci\u00f3 nuevamente \u201ca un hombre que trabaja todos los d\u00edas por Guerrero, mi amigo H\u00e9ctor Astudillo; eso nos obliga a dar continuidad a su labor incansable porque no queremos dar un salto al vac\u00edo, vamos a trabajar sin improvisar\u201d, finaliz\u00f3.<\/p>\n<p style=\"text-align: justify;\">\n","protected":false},"excerpt":{"rendered":"<p>ACAPULCO. * 22 de enero de 2021. ] Especial. Con la visi\u00f3n de un hombre que se ha formado en el servicio p\u00fablico durante m\u00e1s de 25 a\u00f1os, Mario Moreno Arcos, presidente de la Conferencia de Honor del PRI en Guerrero, dijo estar seguro que hoy los guerrerenses aspiran a la unidad y no a&#8230;<\/p>\n","protected":false},"author":2,"featured_media":1219636,"comment_status":"closed","ping_status":"closed","sticky":false,"template":"","format":"standard","meta":{"footnotes":""},"categories":[2024,1972,18561,18577],"tags":[3855,5633,7568,9062,9512,9560,12204,12366,12685,14914,15570,15604,15726,15827],"class_list":["post-1219630","post","type-post","status-publish","format-standard","has-post-thumbnail","hentry","category-politica-activism","category-special","category-society-politics","category-politica-la-foto","tag-ana-maria-castilleja","tag-cesar-landin","tag-edilma-galena","tag-gabriela-bernal-resendiz","tag-guadalupe-gomez-maganda","tag-guerrero-2021","tag-luis-miguel-terrazas","tag-manuel-anorve-banos","tag-mario-moreno-arcos","tag-pri","tag-ricardo-astudillo","tag-ricardo-taja","tag-rodolfo-escobar","tag-rosaura-rodriguez"],"_links":{"self":[{"href":"https:\/\/www.acapulcopress.com\/index.php\/wp-json\/wp\/v2\/posts\/1219630","targetHints":{"allow":["GET"]}}],"collection":[{"href":"https:\/\/www.acapulcopress.com\/index.php\/wp-json\/wp\/v2\/posts"}],"about":[{"href":"https:\/\/www.acapulcopress.com\/index.php\/wp-json\/wp\/v2\/types\/post"}],"author":[{"embeddable":true,"href":"https:\/\/www.acapulcopress.com\/index.php\/wp-json\/wp\/v2\/users\/2"}],"replies":[{"embeddable":true,"href":"https:\/\/www.acapulcopress.com\/index.php\/wp-json\/wp\/v2\/comments?post=1219630"}],"version-history":[{"count":0,"href":"https:\/\/www.acapulcopress.com\/index.php\/wp-json\/wp\/v2\/posts\/1219630\/revisions"}],"wp:featuredmedia":[{"embeddable":true,"href":"https:\/\/www.acapulcopress.com\/index.php\/wp-json\/"}],"wp:attachment":[{"href":"https:\/\/www.acapulcopress.com\/index.php\/wp-json\/wp\/v2\/media?parent=1219630"}],"wp:term":[{"taxonomy":"category","embeddable":true,"href":"https:\/\/www.acapulcopress.com\/index.php\/wp-json\/wp\/v2\/categories?post=1219630"},{"taxonomy":"post_tag","embeddable":true,"href":"https:\/\/www.acapulcopress.com\/index.php\/wp-json\/wp\/v2\/tags?post=1219630"}],"curies":[{"name":"wp","href":"https:\/\/api.w.org\/{rel}","templated":true}]}}