{"id":1219643,"date":"2021-01-22T21:03:26","date_gmt":"2021-01-23T03:03:26","guid":{"rendered":"https:\/\/www.acapulcopress.com\/?p=1219643"},"modified":"2021-01-22T21:03:26","modified_gmt":"2021-01-23T03:03:26","slug":"dona-facultad-de-quimica-al-estado-250-mililitros-de-gel-y-500-soluciones-desinfectantes","status":"publish","type":"post","link":"https:\/\/www.acapulcopress.com\/index.php\/2021\/01\/22\/dona-facultad-de-quimica-al-estado-250-mililitros-de-gel-y-500-soluciones-desinfectantes\/","title":{"rendered":"Dona Facultad de Qu\u00edmica al Estado 250 mililitros de gel y 500 soluciones desinfectantes"},"content":{"rendered":"<p>CHILPANCINGO. * 22 de enero de 2021.<br \/>\n] UAGro.<\/p>\n<p style=\"text-align: justify;\">La Facultad de Ciencias Qu\u00edmico Biol\u00f3gicas de la #UAGro entreg\u00f3 al Gobierno del Estado de Guerrero mil litros de gel antibacterial, 500 unidades en presentaci\u00f3n de 250 mililitros, as\u00edcomo 500 soluciones desinfectantes para ser distribuidos en los diversos hospitales y cl\u00ednicas del estado.<\/p>\n<p><img loading=\"lazy\" decoding=\"async\" class=\"alignnone wp-image-1219644 size-large\" src=\"https:\/\/www.acapulco.press\/wp-content\/uploads\/2021\/01\/UAGRO-GEL-840x630.jpg\" alt=\"\" width=\"840\" height=\"630\" \/><\/p>\n<p><em>#LaUAGroTeCuida<\/em><\/p>\n","protected":false},"excerpt":{"rendered":"<p>CHILPANCINGO. * 22 de enero de 2021. ] UAGro. La Facultad de Ciencias Qu\u00edmico Biol\u00f3gicas de la #UAGro entreg\u00f3 al Gobierno del Estado de Guerrero mil litros de gel antibacterial, 500 unidades en presentaci\u00f3n de 250 mililitros, as\u00edcomo 500 soluciones desinfectantes para ser distribuidos en los diversos hospitales y cl\u00ednicas del estado. #LaUAGroTeCuida<\/p>\n","protected":false},"author":2,"featured_media":1219645,"comment_status":"closed","ping_status":"closed","sticky":false,"template":"","format":"standard","meta":{"footnotes":""},"categories":[18561,2016],"tags":[6705,10644,17463,17610],"class_list":["post-1219643","post","type-post","status-publish","format-standard","has-post-thumbnail","hentry","category-society-politics","category-uagro-society-politics","tag-covid19","tag-javier-saldana-almazan","tag-uagro","tag-universidad-autonoma-de-guerrero-uagro"],"_links":{"self":[{"href":"https:\/\/www.acapulcopress.com\/index.php\/wp-json\/wp\/v2\/posts\/1219643","targetHints":{"allow":["GET"]}}],"collection":[{"href":"https:\/\/www.acapulcopress.com\/index.php\/wp-json\/wp\/v2\/posts"}],"about":[{"href":"https:\/\/www.acapulcopress.com\/index.php\/wp-json\/wp\/v2\/types\/post"}],"author":[{"embeddable":true,"href":"https:\/\/www.acapulcopress.com\/index.php\/wp-json\/wp\/v2\/users\/2"}],"replies":[{"embeddable":true,"href":"https:\/\/www.acapulcopress.com\/index.php\/wp-json\/wp\/v2\/comments?post=1219643"}],"version-history":[{"count":0,"href":"https:\/\/www.acapulcopress.com\/index.php\/wp-json\/wp\/v2\/posts\/1219643\/revisions"}],"wp:featuredmedia":[{"embeddable":true,"href":"https:\/\/www.acapulcopress.com\/index.php\/wp-json\/"}],"wp:attachment":[{"href":"https:\/\/www.acapulcopress.com\/index.php\/wp-json\/wp\/v2\/media?parent=1219643"}],"wp:term":[{"taxonomy":"category","embeddable":true,"href":"https:\/\/www.acapulcopress.com\/index.php\/wp-json\/wp\/v2\/categories?post=1219643"},{"taxonomy":"post_tag","embeddable":true,"href":"https:\/\/www.acapulcopress.com\/index.php\/wp-json\/wp\/v2\/tags?post=1219643"}],"curies":[{"name":"wp","href":"https:\/\/api.w.org\/{rel}","templated":true}]}}