{"id":1219663,"date":"2021-01-22T10:17:09","date_gmt":"2021-01-22T16:17:09","guid":{"rendered":"https:\/\/www.acapulcopress.com\/?p=1219663"},"modified":"2021-01-22T10:17:09","modified_gmt":"2021-01-22T16:17:09","slug":"invita-uagro-a-curso-de-uso-de-herramientas-digitales-en-ambiente-seguro","status":"publish","type":"post","link":"https:\/\/www.acapulcopress.com\/index.php\/2021\/01\/22\/invita-uagro-a-curso-de-uso-de-herramientas-digitales-en-ambiente-seguro\/","title":{"rendered":"Invita UAGro a curso de uso de herramientas digitales en ambiente seguro"},"content":{"rendered":"<p>CHILPANCINGO. * 22 de enero de 2021.<br \/>\n<em>] UAGro.<\/em><\/p>\n<p style=\"text-align: justify;\">Durante estos tiempos es importante mantener seguro nuestro entorno laborar al usar las diversas herramientas digitales, por ello, la Universidad Aut\u00f3noma de Guerrero (UAGro) invita a todo el personal administrativo de la Coordinaci\u00f3n General Zona Sur al pr\u00f3ximo curso \u00abUso de herramientas digitales en un ambiente seguro\u00bb, el cual impartir\u00e1 el Ing. F\u00e9lix Molina \u00c1ngeles, los d\u00edas 27, 28 y 29 de enero.<\/p>\n<p><img loading=\"lazy\" decoding=\"async\" class=\"alignnone wp-image-1219665 \" src=\"https:\/\/www.acapulco.press\/wp-content\/uploads\/2021\/01\/HERRAMIENTAS-DE-OFICINAS.jpg\" alt=\"\" width=\"822\" height=\"1271\" \/><\/p>\n<p>Para realizar su registro ingresen a: <a href=\"https:\/\/forms.gle\/R3qeC6vmFzk9sL1i6\" target=\"_blank\" rel=\"noopener\">https:\/\/forms.gle\/R3qeC6vmFzk9sL1i6<\/a>.<\/p>\n","protected":false},"excerpt":{"rendered":"<p>CHILPANCINGO. * 22 de enero de 2021. ] UAGro. Durante estos tiempos es importante mantener seguro nuestro entorno laborar al usar las diversas herramientas digitales, por ello, la Universidad Aut\u00f3noma de Guerrero (UAGro) invita a todo el personal administrativo de la Coordinaci\u00f3n General Zona Sur al pr\u00f3ximo curso \u00abUso de herramientas digitales en un ambiente&#8230;<\/p>\n","protected":false},"author":2,"featured_media":1219664,"comment_status":"closed","ping_status":"closed","sticky":false,"template":"","format":"standard","meta":{"footnotes":""},"categories":[18561,2016],"tags":[6705,8462,10644,17463,17610],"class_list":["post-1219663","post","type-post","status-publish","format-standard","has-post-thumbnail","hentry","category-society-politics","category-uagro-society-politics","tag-covid19","tag-felix-molina-angeles","tag-javier-saldana-almazan","tag-uagro","tag-universidad-autonoma-de-guerrero-uagro"],"_links":{"self":[{"href":"https:\/\/www.acapulcopress.com\/index.php\/wp-json\/wp\/v2\/posts\/1219663","targetHints":{"allow":["GET"]}}],"collection":[{"href":"https:\/\/www.acapulcopress.com\/index.php\/wp-json\/wp\/v2\/posts"}],"about":[{"href":"https:\/\/www.acapulcopress.com\/index.php\/wp-json\/wp\/v2\/types\/post"}],"author":[{"embeddable":true,"href":"https:\/\/www.acapulcopress.com\/index.php\/wp-json\/wp\/v2\/users\/2"}],"replies":[{"embeddable":true,"href":"https:\/\/www.acapulcopress.com\/index.php\/wp-json\/wp\/v2\/comments?post=1219663"}],"version-history":[{"count":0,"href":"https:\/\/www.acapulcopress.com\/index.php\/wp-json\/wp\/v2\/posts\/1219663\/revisions"}],"wp:featuredmedia":[{"embeddable":true,"href":"https:\/\/www.acapulcopress.com\/index.php\/wp-json\/"}],"wp:attachment":[{"href":"https:\/\/www.acapulcopress.com\/index.php\/wp-json\/wp\/v2\/media?parent=1219663"}],"wp:term":[{"taxonomy":"category","embeddable":true,"href":"https:\/\/www.acapulcopress.com\/index.php\/wp-json\/wp\/v2\/categories?post=1219663"},{"taxonomy":"post_tag","embeddable":true,"href":"https:\/\/www.acapulcopress.com\/index.php\/wp-json\/wp\/v2\/tags?post=1219663"}],"curies":[{"name":"wp","href":"https:\/\/api.w.org\/{rel}","templated":true}]}}