{"id":1219670,"date":"2021-01-22T12:34:46","date_gmt":"2021-01-22T18:34:46","guid":{"rendered":"https:\/\/www.acapulcopress.com\/?p=1219670"},"modified":"2021-01-22T12:34:46","modified_gmt":"2021-01-22T18:34:46","slug":"horarios-y-ponentes-del-congreso-internacional-de-odontologia-2021","status":"publish","type":"post","link":"https:\/\/www.acapulcopress.com\/index.php\/2021\/01\/22\/horarios-y-ponentes-del-congreso-internacional-de-odontologia-2021\/","title":{"rendered":"Horarios y ponentes del Congreso Internacional de Odontolog\u00eda 2021"},"content":{"rendered":"<p>CHILPANCINGO. * 22 de enero de 2021.<br \/>\n<em>] UAGro.<\/em><\/p>\n<p style=\"text-align: justify;\">Ante la proximidad de la Facultad de Odontolog\u00eda UAGro de celebrar el primer aniversario de su posgrado de Implantolog\u00eda y Rehabilitaci\u00f3n Bucal, realizando el Congreso Internacional de Odontolog\u00eda del 9 al 11 de febrero del 2021 el Rector de la M\u00e1xima Casa de Estudios, Javier Salda\u00f1a Almaz\u00e1n, comparte horarios y ponentes invitados del evento.<\/p>\n<p><img loading=\"lazy\" decoding=\"async\" class=\"alignnone wp-image-1219665 \" src=\"https:\/\/www.acapulco.press\/wp-content\/uploads\/2021\/01\/HERRAMIENTAS-DE-OFICINAS.jpg\" alt=\"\" width=\"823\" height=\"1272\" \/><\/p>\n","protected":false},"excerpt":{"rendered":"<p>CHILPANCINGO. * 22 de enero de 2021. ] UAGro. Ante la proximidad de la Facultad de Odontolog\u00eda UAGro de celebrar el primer aniversario de su posgrado de Implantolog\u00eda y Rehabilitaci\u00f3n Bucal, realizando el Congreso Internacional de Odontolog\u00eda del 9 al 11 de febrero del 2021 el Rector de la M\u00e1xima Casa de Estudios, Javier Salda\u00f1a&#8230;<\/p>\n","protected":false},"author":2,"featured_media":1219654,"comment_status":"closed","ping_status":"closed","sticky":false,"template":"","format":"standard","meta":{"footnotes":""},"categories":[18561,2016],"tags":[6388,8343],"class_list":["post-1219670","post","type-post","status-publish","format-standard","has-post-thumbnail","hentry","category-society-politics","category-uagro-society-politics","tag-congreso-internacional-de-odontologia","tag-facultad-de-odontologia-uagro"],"_links":{"self":[{"href":"https:\/\/www.acapulcopress.com\/index.php\/wp-json\/wp\/v2\/posts\/1219670","targetHints":{"allow":["GET"]}}],"collection":[{"href":"https:\/\/www.acapulcopress.com\/index.php\/wp-json\/wp\/v2\/posts"}],"about":[{"href":"https:\/\/www.acapulcopress.com\/index.php\/wp-json\/wp\/v2\/types\/post"}],"author":[{"embeddable":true,"href":"https:\/\/www.acapulcopress.com\/index.php\/wp-json\/wp\/v2\/users\/2"}],"replies":[{"embeddable":true,"href":"https:\/\/www.acapulcopress.com\/index.php\/wp-json\/wp\/v2\/comments?post=1219670"}],"version-history":[{"count":0,"href":"https:\/\/www.acapulcopress.com\/index.php\/wp-json\/wp\/v2\/posts\/1219670\/revisions"}],"wp:featuredmedia":[{"embeddable":true,"href":"https:\/\/www.acapulcopress.com\/index.php\/wp-json\/"}],"wp:attachment":[{"href":"https:\/\/www.acapulcopress.com\/index.php\/wp-json\/wp\/v2\/media?parent=1219670"}],"wp:term":[{"taxonomy":"category","embeddable":true,"href":"https:\/\/www.acapulcopress.com\/index.php\/wp-json\/wp\/v2\/categories?post=1219670"},{"taxonomy":"post_tag","embeddable":true,"href":"https:\/\/www.acapulcopress.com\/index.php\/wp-json\/wp\/v2\/tags?post=1219670"}],"curies":[{"name":"wp","href":"https:\/\/api.w.org\/{rel}","templated":true}]}}