{"id":1219676,"date":"2021-01-22T21:54:01","date_gmt":"2021-01-23T03:54:01","guid":{"rendered":"https:\/\/www.acapulcopress.com\/?p=1219676"},"modified":"2021-01-22T21:54:01","modified_gmt":"2021-01-23T03:54:01","slug":"autorizan-a-gobiernos-locales-comprar-vacunas","status":"publish","type":"post","link":"https:\/\/www.acapulcopress.com\/index.php\/2021\/01\/22\/autorizan-a-gobiernos-locales-comprar-vacunas\/","title":{"rendered":"Autorizan a estados comprar vacunas Covid"},"content":{"rendered":"<p style=\"text-align: justify;\">PALACIO NACIONAL. * 22 de enero de 2021.<br \/>\n<em>] Gobierno de M\u00e9xico.<\/em><\/p>\n<p style=\"text-align: justify;\">El presidente Andr\u00e9s Manuel L\u00f3pez Obrador inform\u00f3 que a partir de este d\u00eda el Gobierno de M\u00e9xico autoriza a empresas y gobiernos locales adquirir vacunas contra COVID-19 para aplicarlas en M\u00e9xico.<\/p>\n<p style=\"text-align: justify;\">Los interesados deben transparentar el contrato de compra y su plan de vacunaci\u00f3n. El acuerdo se deber\u00e1 llevar a cabo solo con farmac\u00e9uticas autorizadas por la Comisi\u00f3n Federal para la Protecci\u00f3n contra Riesgos Sanitarios (Cofepris) o que est\u00e9n en proceso de recibir la autorizaci\u00f3n para uso de emergencia, explic\u00f3 el mandatario.<\/p>\n<p style=\"text-align: justify;\">\u201c\u00bfPor qu\u00e9 estoy dando esta instrucci\u00f3n? Porque no quiero que se malinterprete, que hay empresas que quieren comprar vacunas y no se les permite porque el gobierno ejerce un monopolio de la aplicaci\u00f3n de las vacunas. No. Lo mismo en el caso de los gobiernos estatales. \u00bfQuieren adquirir vacunas? Est\u00e1n en libertad para hacerlo\u201d, precis\u00f3.<\/p>\n<p style=\"text-align: justify;\">En conferencia de prensa matutina llam\u00f3 a mantener una organizaci\u00f3n eficaz para evitar duplicidades respecto al Plan Nacional de Vacunaci\u00f3n contra el Virus SARS-CoV-2.<\/p>\n<p style=\"text-align: justify;\">\u201cNo debe de haber desorden, no hay motivo para eso, y tampoco para uso politiquero, electoral de la vacuna. (\u2026) Es un asunto que tiene que ver con salvar vidas, con proteger a la gente\u201d, subray\u00f3.<\/p>\n<p style=\"text-align: justify;\">El jefe del Ejecutivo asegur\u00f3 que no habr\u00e1 retrasos en las autorizaciones, \u201cnada m\u00e1s lo \u00fanico es la solicitud y anexo el contrato de compra. Tambi\u00e9n para que no anden enga\u00f1ando diciendo: \u2018Voy a comprar\u2019 y resulta que no hay en los hechos nada real, que es pura demagogia\u201d.<\/p>\n<p style=\"text-align: justify;\">Sostuvo que el gobierno de M\u00e9xico cumplir\u00e1 el compromiso de vacunar a las y los mexicanos de forma universal y gratuita.<\/p>\n<p style=\"text-align: justify;\">El subsecretario de Prevenci\u00f3n y Promoci\u00f3n de la Salud, Hugo L\u00f3pez-Gatell Ram\u00edrez, inform\u00f3 que al corte del jueves se aplicaron 64 mil 797 dosis de la vacuna contra COVID-19.<\/p>\n<p style=\"text-align: justify;\">Hasta este d\u00eda suman 567 mil 379 dosis aplicadas al personal de salud en todo el pa\u00eds. De estas, 548 mil 869 corresponden a primeras dosis y 18 mil 510 a segundas dosis.<\/p>\n","protected":false},"excerpt":{"rendered":"<p>PALACIO NACIONAL. * 22 de enero de 2021. ] Gobierno de M\u00e9xico. El presidente Andr\u00e9s Manuel L\u00f3pez Obrador inform\u00f3 que a partir de este d\u00eda el Gobierno de M\u00e9xico autoriza a empresas y gobiernos locales adquirir vacunas contra COVID-19 para aplicarlas en M\u00e9xico. Los interesados deben transparentar el contrato de compra y su plan de&#8230;<\/p>\n","protected":false},"author":2,"featured_media":1219678,"comment_status":"closed","ping_status":"closed","sticky":false,"template":"","format":"standard","meta":{"footnotes":""},"categories":[1972,18574,1997],"tags":[3896,6705,9310,17746,17959],"class_list":["post-1219676","post","type-post","status-publish","format-standard","has-post-thumbnail","hentry","category-special","category-gobierno-la-foto","category-noticias-destacadas","tag-andres-manuel-lopez-obrador","tag-covid19","tag-gobierno-de-mexico","tag-vacunas-covid19","tag-virus-sars-cov-2"],"_links":{"self":[{"href":"https:\/\/www.acapulcopress.com\/index.php\/wp-json\/wp\/v2\/posts\/1219676","targetHints":{"allow":["GET"]}}],"collection":[{"href":"https:\/\/www.acapulcopress.com\/index.php\/wp-json\/wp\/v2\/posts"}],"about":[{"href":"https:\/\/www.acapulcopress.com\/index.php\/wp-json\/wp\/v2\/types\/post"}],"author":[{"embeddable":true,"href":"https:\/\/www.acapulcopress.com\/index.php\/wp-json\/wp\/v2\/users\/2"}],"replies":[{"embeddable":true,"href":"https:\/\/www.acapulcopress.com\/index.php\/wp-json\/wp\/v2\/comments?post=1219676"}],"version-history":[{"count":0,"href":"https:\/\/www.acapulcopress.com\/index.php\/wp-json\/wp\/v2\/posts\/1219676\/revisions"}],"wp:featuredmedia":[{"embeddable":true,"href":"https:\/\/www.acapulcopress.com\/index.php\/wp-json\/"}],"wp:attachment":[{"href":"https:\/\/www.acapulcopress.com\/index.php\/wp-json\/wp\/v2\/media?parent=1219676"}],"wp:term":[{"taxonomy":"category","embeddable":true,"href":"https:\/\/www.acapulcopress.com\/index.php\/wp-json\/wp\/v2\/categories?post=1219676"},{"taxonomy":"post_tag","embeddable":true,"href":"https:\/\/www.acapulcopress.com\/index.php\/wp-json\/wp\/v2\/tags?post=1219676"}],"curies":[{"name":"wp","href":"https:\/\/api.w.org\/{rel}","templated":true}]}}