{"id":1219685,"date":"2021-01-22T22:12:29","date_gmt":"2021-01-23T04:12:29","guid":{"rendered":"https:\/\/www.acapulcopress.com\/?p=1219685"},"modified":"2021-01-22T22:12:29","modified_gmt":"2021-01-23T04:12:29","slug":"vacunaran-a-20-mil-maestros-de-escuelas-publicas-y-privadas-en-campeche","status":"publish","type":"post","link":"https:\/\/www.acapulcopress.com\/index.php\/2021\/01\/22\/vacunaran-a-20-mil-maestros-de-escuelas-publicas-y-privadas-en-campeche\/","title":{"rendered":"Vacunar\u00e1n a 20 mil maestros de escuelas p\u00fablicas y privadas en Campeche"},"content":{"rendered":"<p style=\"text-align: justify;\">PALACIO NACIONAL. * 22 de enero de 2021.<br \/>\n<em>] Gobierno de M\u00e9xico.<\/em><\/p>\n<p style=\"text-align: justify;\">El presidente Andr\u00e9s Manuel L\u00f3pez Obrador anunci\u00f3 el inicio de la vacunaci\u00f3n contra COVID-19 a cerca de 20 mil maestros de escuelas p\u00fablicas y privadas en Campeche para preparar el regreso a clases presenciales debido a que esta entidad permanece en sem\u00e1foro epidemiol\u00f3gico verde.<\/p>\n<p style=\"text-align: justify;\">\u201cSon 81 centros de vacunaci\u00f3n en todo el estado. Est\u00e1n bien identificados, son escuelas, unidades m\u00e9dicas rurales del programa IMSS Bienestar, cl\u00ednicas del Seguro Social del r\u00e9gimen ordinario\u201d, explic\u00f3.<\/p>\n<p style=\"text-align: justify;\">Acot\u00f3 que tras la aplicaci\u00f3n de la primera dosis, recibir\u00e1n la segunda en 21 d\u00edas y posteriormente podr\u00e1n volver a las aulas.<\/p>\n<p style=\"text-align: justify;\">En conferencia de prensa matutina, el secretario de la Defensa Nacional, Luis Cresencio Sandoval Gonz\u00e1lez, expuso el plan de traslado y distribuci\u00f3n para la aplicaci\u00f3n de vacunas a docentes del nivel b\u00e1sico durante el s\u00e1bado 23 y domingo 24 de enero.<\/p>\n<p style=\"text-align: justify;\">El lunes 25 de enero se vacunar\u00e1 a los del nivel medio superior y superior e iniciar\u00e1 el proceso de aplicaci\u00f3n a profesores de instituciones privadas de educaci\u00f3n, que se extender\u00e1 hasta el martes 26 de enero.<\/p>\n<p style=\"text-align: justify;\">Las maestras y maestros deber\u00e1n presentar su identificaci\u00f3n oficial para cotejar con los padrones que tendr\u00e1n las brigadas en los puntos de vacunaci\u00f3n.<\/p>\n<p style=\"text-align: justify;\">A las 5:00 horas del s\u00e1bado iniciar\u00e1n las rutas procedentes del Centro de Investigaciones Regionales Dr. Hideyo Noguchi de M\u00e9rida, Yucat\u00e1n, hacia los cinco puntos de redistribuci\u00f3n de vacunas: Campeche, Chapot\u00f3n, Ciudad del C\u00e1rmen, Esc\u00e1rcega y Xpujil.<\/p>\n<p style=\"text-align: justify;\">De ah\u00ed, se trasladar\u00e1n a los 81 centros de vacunaci\u00f3n los paquetes que contendr\u00e1n vacunas, insumos y brazaletes.<\/p>\n<p style=\"text-align: justify;\">Como parte del Operativo Correcaminos, en Campeche se desplegar\u00e1n 17 rutas terrestres con escoltas de seguridad, de las cuales dos son principales y 15 de resguardo desde los centros de distribuci\u00f3n.<\/p>\n<p style=\"text-align: justify;\">Participar\u00e1n 81 brigadas integradas por dos servidores de la naci\u00f3n, dos promotores de programas sociales, cuatro elementos de la Secretar\u00eda de la Defensa Nacional, de la Secretar\u00eda de Marina y de la Guardia Nacional, un enfermero, un m\u00e9dico y dos voluntarios, quienes iniciar\u00e1n a las 10:00 horas la aplicaci\u00f3n de 12 mil 157 vacunas a las maestras y maestros.<\/p>\n<p><img loading=\"lazy\" decoding=\"async\" class=\"alignnone wp-image-1219690 size-large\" src=\"https:\/\/www.acapulco.press\/wp-content\/uploads\/2021\/01\/CAMPECHE-840x473.jpg\" alt=\"\" width=\"840\" height=\"473\" \/><br \/>\n<img loading=\"lazy\" decoding=\"async\" class=\"alignnone wp-image-1219686 size-large\" src=\"https:\/\/www.acapulco.press\/wp-content\/uploads\/2021\/01\/CAMPECHE-2-840x473.jpg\" alt=\"\" width=\"840\" height=\"473\" \/><br \/>\n<img loading=\"lazy\" decoding=\"async\" class=\"alignnone wp-image-1219687 size-large\" src=\"https:\/\/www.acapulco.press\/wp-content\/uploads\/2021\/01\/CAMPECHE-3-840x473.jpg\" alt=\"\" width=\"840\" height=\"473\" \/><br \/>\n<img loading=\"lazy\" decoding=\"async\" class=\"alignnone wp-image-1219688 size-large\" src=\"https:\/\/www.acapulco.press\/wp-content\/uploads\/2021\/01\/CAMPECHE-4-840x473.jpg\" alt=\"\" width=\"840\" height=\"473\" \/><br \/>\n<img loading=\"lazy\" decoding=\"async\" class=\"alignnone wp-image-1219689 size-large\" src=\"https:\/\/www.acapulco.press\/wp-content\/uploads\/2021\/01\/CAMPECHE-5-840x473.jpg\" alt=\"\" width=\"840\" height=\"473\" \/><\/p>\n","protected":false},"excerpt":{"rendered":"<p>PALACIO NACIONAL. * 22 de enero de 2021. ] Gobierno de M\u00e9xico. El presidente Andr\u00e9s Manuel L\u00f3pez Obrador anunci\u00f3 el inicio de la vacunaci\u00f3n contra COVID-19 a cerca de 20 mil maestros de escuelas p\u00fablicas y privadas en Campeche para preparar el regreso a clases presenciales debido a que esta entidad permanece en sem\u00e1foro epidemiol\u00f3gico&#8230;<\/p>\n","protected":false},"author":2,"featured_media":1219677,"comment_status":"closed","ping_status":"closed","sticky":false,"template":"","format":"standard","meta":{"footnotes":""},"categories":[1969],"tags":[3896,17720],"class_list":["post-1219685","post","type-post","status-publish","format-standard","has-post-thumbnail","hentry","category-trending","tag-andres-manuel-lopez-obrador","tag-vacuna-codi19"],"_links":{"self":[{"href":"https:\/\/www.acapulcopress.com\/index.php\/wp-json\/wp\/v2\/posts\/1219685","targetHints":{"allow":["GET"]}}],"collection":[{"href":"https:\/\/www.acapulcopress.com\/index.php\/wp-json\/wp\/v2\/posts"}],"about":[{"href":"https:\/\/www.acapulcopress.com\/index.php\/wp-json\/wp\/v2\/types\/post"}],"author":[{"embeddable":true,"href":"https:\/\/www.acapulcopress.com\/index.php\/wp-json\/wp\/v2\/users\/2"}],"replies":[{"embeddable":true,"href":"https:\/\/www.acapulcopress.com\/index.php\/wp-json\/wp\/v2\/comments?post=1219685"}],"version-history":[{"count":0,"href":"https:\/\/www.acapulcopress.com\/index.php\/wp-json\/wp\/v2\/posts\/1219685\/revisions"}],"wp:featuredmedia":[{"embeddable":true,"href":"https:\/\/www.acapulcopress.com\/index.php\/wp-json\/"}],"wp:attachment":[{"href":"https:\/\/www.acapulcopress.com\/index.php\/wp-json\/wp\/v2\/media?parent=1219685"}],"wp:term":[{"taxonomy":"category","embeddable":true,"href":"https:\/\/www.acapulcopress.com\/index.php\/wp-json\/wp\/v2\/categories?post=1219685"},{"taxonomy":"post_tag","embeddable":true,"href":"https:\/\/www.acapulcopress.com\/index.php\/wp-json\/wp\/v2\/tags?post=1219685"}],"curies":[{"name":"wp","href":"https:\/\/api.w.org\/{rel}","templated":true}]}}