{"id":1219695,"date":"2021-01-22T22:24:43","date_gmt":"2021-01-23T04:24:43","guid":{"rendered":"https:\/\/www.acapulcopress.com\/?p=1219695"},"modified":"2021-01-22T22:24:43","modified_gmt":"2021-01-23T04:24:43","slug":"armando-aparicio-un-acapulqueno-para-los-cabos","status":"publish","type":"post","link":"https:\/\/www.acapulcopress.com\/index.php\/2021\/01\/22\/armando-aparicio-un-acapulqueno-para-los-cabos\/","title":{"rendered":"Armando Aparicio | Un acapulque\u00f1o para Los Cabos"},"content":{"rendered":"<p style=\"text-align: justify;\"><em>Tercera V\u00eda <\/em><strong><br \/>\n\u00bb Ernesto Rivera Rodr\u00edguez.<\/strong><\/p>\n<p style=\"text-align: justify;\">\u00abAbandon\u00e9 Acapulco por la inseguridad, la creciente situaci\u00f3n\u00a0 hab\u00eda convertido a la Ciudad en un campo de tiro\u00bb; hoy, 15 a\u00f1os despu\u00e9s, he depositado mi esfuerzo, mi preparaci\u00f3n en un gran proyecto pol\u00edtico social. Abanderar desde las filas de el Movimiento Estatal Independiente de Baja California Sur, y alcanzar dicho proyecto por la candidatura a la Alcald\u00eda de Los Cabos, Baja California Sur, Movimiento que suma hoy 24 candidatos independientes a diferentes candidaturas en la entidad.<\/p>\n<p style=\"text-align: justify;\"><img loading=\"lazy\" decoding=\"async\" class=\"alignleft size-medium wp-image-1219697\" src=\"https:\/\/www.acapulco.press\/wp-content\/uploads\/2021\/01\/ARMANDO-APARICIO-375x375.jpg\" alt=\"\" width=\"375\" height=\"375\" \/>En la tierra que lo vio nacer y le dio la oportunidad de prepararse, egresado del Instituto Tecnol\u00f3gico de Acapulco, hoy ha puesto los ojos desde la sociedad civil, en abanderar las verdaderas y profundas causas \u00abcabe\u00f1as\u00bb: la marginaci\u00f3n, la falta de servicios, la descriminscion y sobre todo la real falta de representaci\u00f3n pol\u00edtico y Social.<\/p>\n<p style=\"text-align: justify;\">Con 15 a\u00f1os de residencia, ya oficial en la ciudad y destino tur\u00edstico m\u00e1s importante de Baja California Sur, Los Cabos, hace un breve pero sustancial repaso del porqu\u00e9 ha tomado est\u00e1 decisi\u00f3n, abanderar las causas sociales tomando distancia de los partidos pol\u00edticos cuyos grupos casiquiles tienen y pretender mantener el ritmo de su poder pol\u00edtico, en tanto \u00abnosotros\u00bb, afirm\u00f3 luchamos y trabajamos por romper esos paradigmas y devolverle dignidad y fuerza a una sociedad abida de un verdadero cambio.<\/p>\n<p style=\"text-align: justify;\">No hay comparaci\u00f3n alguna entre Acapulco y Los Cabos como destinos tur\u00edsticos, y afirma, Acapulco es pese a todo emblem\u00e1tico, Los Cabos producto del desarrollismo oficial, al igual que Can Cun, Quintana Roo y Puerto Vallarta, Nayarit. Despu\u00e9s nacer\u00eda Huatulco, Oaxaca. Estos dentro del territorio continental, Los Cabos en una Insula, porque eso es Baja California, separada por un mar, el Mar de Cortes, franja de tierra que desde siempre poco a importado a las pol\u00edticas del Centro, y en este proceso electoral ya est\u00e1 entredicho su triunfo por la imposici\u00f3n de su Precandidata a la gubernatura. Los bajacalifornianianos del sur hemos pasado del hartazgo a la desiluci\u00f3n en tan s\u00f3lo dos a\u00f1os.<\/p>\n<p style=\"text-align: justify;\">Esto es una inicultable realidad nacional.<\/p>\n<p style=\"text-align: justify;\">Con cerca de 70 mil guerrerenses habitando en Los Cabos, en un estado cuya poblaci\u00f3n no supera los 600 mil habitantes, Armando Aparicio es ya no solamente un referente empresarial, sino una realidad pol\u00edtica y social que viene impactando y consolidando consensos entre los m\u00e1s diversos grupos cabe\u00f1os e impactando en los guerrerenses ya \u00abcabellos\u00bb en su mayor\u00eda trabajadores de la industria sin chimeneas que durante decenios han sido controlados por el oficialismo de la CROC, que hoy ven en Armando Aparicio, una oportunidad para romper los paradigmas del abandono, la marginaci\u00f3n conque las pol\u00edticas centristas y casiquiles locales hasta hoy han mantenido a ese polo tur\u00edstico peninsular.<\/p>\n","protected":false},"excerpt":{"rendered":"<p>Tercera V\u00eda \u00bb Ernesto Rivera Rodr\u00edguez. \u00abAbandon\u00e9 Acapulco por la inseguridad, la creciente situaci\u00f3n\u00a0 hab\u00eda convertido a la Ciudad en un campo de tiro\u00bb; hoy, 15 a\u00f1os despu\u00e9s, he depositado mi esfuerzo, mi preparaci\u00f3n en un gran proyecto pol\u00edtico social. Abanderar desde las filas de el Movimiento Estatal Independiente de Baja California Sur, y alcanzar&#8230;<\/p>\n","protected":false},"author":2,"featured_media":1219696,"comment_status":"closed","ping_status":"closed","sticky":false,"template":"","format":"standard","meta":{"footnotes":""},"categories":[2071,1991],"tags":[4132,8063,12075,13345,17071],"class_list":["post-1219695","post","type-post","status-publish","format-standard","has-post-thumbnail","hentry","category-opinion-analisis-columnas","category-libertad-de-expresion","tag-armando-aparicio-gallardo","tag-ernesto-rivera-rodriguez","tag-los-cabos","tag-movimiento-estatal-independiente-de-baja-california-sur","tag-tercera-via"],"_links":{"self":[{"href":"https:\/\/www.acapulcopress.com\/index.php\/wp-json\/wp\/v2\/posts\/1219695","targetHints":{"allow":["GET"]}}],"collection":[{"href":"https:\/\/www.acapulcopress.com\/index.php\/wp-json\/wp\/v2\/posts"}],"about":[{"href":"https:\/\/www.acapulcopress.com\/index.php\/wp-json\/wp\/v2\/types\/post"}],"author":[{"embeddable":true,"href":"https:\/\/www.acapulcopress.com\/index.php\/wp-json\/wp\/v2\/users\/2"}],"replies":[{"embeddable":true,"href":"https:\/\/www.acapulcopress.com\/index.php\/wp-json\/wp\/v2\/comments?post=1219695"}],"version-history":[{"count":0,"href":"https:\/\/www.acapulcopress.com\/index.php\/wp-json\/wp\/v2\/posts\/1219695\/revisions"}],"wp:featuredmedia":[{"embeddable":true,"href":"https:\/\/www.acapulcopress.com\/index.php\/wp-json\/"}],"wp:attachment":[{"href":"https:\/\/www.acapulcopress.com\/index.php\/wp-json\/wp\/v2\/media?parent=1219695"}],"wp:term":[{"taxonomy":"category","embeddable":true,"href":"https:\/\/www.acapulcopress.com\/index.php\/wp-json\/wp\/v2\/categories?post=1219695"},{"taxonomy":"post_tag","embeddable":true,"href":"https:\/\/www.acapulcopress.com\/index.php\/wp-json\/wp\/v2\/tags?post=1219695"}],"curies":[{"name":"wp","href":"https:\/\/api.w.org\/{rel}","templated":true}]}}