{"id":1219703,"date":"2021-01-22T22:40:28","date_gmt":"2021-01-23T04:40:28","guid":{"rendered":"https:\/\/www.acapulcopress.com\/?p=1219703"},"modified":"2021-01-22T22:40:28","modified_gmt":"2021-01-23T04:40:28","slug":"analiza-gobierno-de-guerrero-compra-de-vacunas-covid","status":"publish","type":"post","link":"https:\/\/www.acapulcopress.com\/index.php\/2021\/01\/22\/analiza-gobierno-de-guerrero-compra-de-vacunas-covid\/","title":{"rendered":"Analiza Gobierno de Guerrero compra de vacunas Covid"},"content":{"rendered":"<p style=\"text-align: justify;\">ACAPULCO. * 22 de enero de 2021.<br \/>\n] Gobierno de Guerrero.<\/p>\n<p style=\"text-align: justify;\">El gobierno del estado valora la compra de vacunas contra el Covid-19, anunci\u00f3 el jefe de la oficina del gobernador, Alejandro Bravo Abarca, luego del anuncio hecho por el presidente de la Rep\u00fablica, Andr\u00e9s Manuel L\u00f3pez Obrador en torno a la autorizaci\u00f3n para que los estados puedan adquirir este insumo. Esta acci\u00f3n se sumar\u00eda a todo el c\u00famulo de estrategias que se han impulsado desde la administraci\u00f3n que encabeza H\u00e9ctor Astudillo Flores, para hacer frente a la pandemia.<\/p>\n<p style=\"text-align: justify;\">Durante el reporte diario sobre la situaci\u00f3n que guarda el estado en relaci\u00f3n al Covid-19, Bravo Abarca dijo que ante el aumento que se ha dado en los diferentes indicadores, la administraci\u00f3n estatal tambi\u00e9n ha intensificado los operativos y campa\u00f1as en los municipios, especialmente en aquellos que tienen mayor movilidad.<\/p>\n<p style=\"text-align: justify;\">Se\u00f1al\u00f3 que el principal objetivo es evitar que los contagios sigan creciendo en la entidad, por lo que se trabaja en coordinaci\u00f3n con los ayuntamientos en medidas como la vigilancia epidemiol\u00f3gica, la suspensi\u00f3n de fiestas patronales, operativos en playas, aeropuertos y centrales de autobuses, as\u00ed como en el transporte p\u00fablico, mercados y lugares de alta concentraci\u00f3n de personas.<\/p>\n<p style=\"text-align: justify;\">\u201cEstamos obligados a ser a\u00fan m\u00e1s responsables y pedirles a todos que guarden y respeten las medidas sanitarias que todos ya conocemos\u201d, enfatiz\u00f3.<\/p>\n<p style=\"text-align: justify;\">En este marco dijo que el gobierno del estado se rige bajo los par\u00e1metros establecidos por la Federaci\u00f3n para determinar cu\u00e1l es la asignaci\u00f3n de color de sem\u00e1foro en cada municipio, de tal manera que todas las decisiones que se toman en este tema, se han realizado con mucha responsabilidad.<\/p>\n<p style=\"text-align: justify;\"><strong>Los n\u00fameros de Covid en Guerrero<\/strong><\/p>\n<p style=\"text-align: justify;\">En su participaci\u00f3n, el secretario de Salud en la entidad, Carlos de la Pe\u00f1a Pintos dijo que las estrategias impulsadas en los municipios con mayor n\u00famero de contagios, pero de manera particular en Iguala y Taxco, buscan disminuir la movilidad de la poblaci\u00f3n, as\u00ed como las aglomeraciones, aforos y porcentajes en sitios como mercados, transporte p\u00fablico, eventos, entre otros, contribuyendo a reducir el riesgo de exposici\u00f3n y contacto con aerosoles que pudieran condicionar un contagio.<\/p>\n<p style=\"text-align: justify;\">De acuerdo a los datos, actualmente hay 29 mil 406 casos acumulados y 2 mil 924 defunciones; se tiene un registro de 256 casos nuevos y destaca una mayor aceleraci\u00f3n en los contagios. Hay 442 pacientes hospitalizados, de los cuales 78 se encuentran intubados.<\/p>\n<p style=\"text-align: justify;\">En cuanto a las defunciones, en el mes de enero se mantiene un promedio de 18.7 decesos diarios; mientras que en la ocupaci\u00f3n hospitalaria hay un 63%, colocando al estado por arriba de la media nacional, que es de 61 puntos. En el tema de camas con ventilador, se registra un 38%, con valores menores a la media nacional, que es de 54.<\/p>\n<p style=\"text-align: justify;\">Para concluir la transmisi\u00f3n, la directora de Comunicaci\u00f3n Social, Erika Lh\u00fcrs Cort\u00e9s inform\u00f3 que de manera conjunta, el gobierno del estado y la Secretar\u00eda de la Defensa Nacional, realizaron la reconversi\u00f3n del Hospital Militar de Chilpancingo, con lo que se suman 30 camas al servicio de la poblaci\u00f3n. Tambi\u00e9n pidi\u00f3 a los prestadores de servicios tur\u00edsticos y trabajadores del sector, redoblar sus precauciones ante la llegada de visitantes este fin de semana.<\/p>\n<p style=\"text-align: justify;\">\n","protected":false},"excerpt":{"rendered":"<p>ACAPULCO. * 22 de enero de 2021. ] Gobierno de Guerrero. El gobierno del estado valora la compra de vacunas contra el Covid-19, anunci\u00f3 el jefe de la oficina del gobernador, Alejandro Bravo Abarca, luego del anuncio hecho por el presidente de la Rep\u00fablica, Andr\u00e9s Manuel L\u00f3pez Obrador en torno a la autorizaci\u00f3n para que&#8230;<\/p>\n","protected":false},"author":2,"featured_media":1219704,"comment_status":"closed","ping_status":"closed","sticky":false,"template":"","format":"standard","meta":{"footnotes":""},"categories":[18573,1983],"tags":[],"class_list":["post-1219703","post","type-post","status-publish","format-standard","has-post-thumbnail","hentry","category-goverment","category-guerrerogob"],"_links":{"self":[{"href":"https:\/\/www.acapulcopress.com\/index.php\/wp-json\/wp\/v2\/posts\/1219703","targetHints":{"allow":["GET"]}}],"collection":[{"href":"https:\/\/www.acapulcopress.com\/index.php\/wp-json\/wp\/v2\/posts"}],"about":[{"href":"https:\/\/www.acapulcopress.com\/index.php\/wp-json\/wp\/v2\/types\/post"}],"author":[{"embeddable":true,"href":"https:\/\/www.acapulcopress.com\/index.php\/wp-json\/wp\/v2\/users\/2"}],"replies":[{"embeddable":true,"href":"https:\/\/www.acapulcopress.com\/index.php\/wp-json\/wp\/v2\/comments?post=1219703"}],"version-history":[{"count":0,"href":"https:\/\/www.acapulcopress.com\/index.php\/wp-json\/wp\/v2\/posts\/1219703\/revisions"}],"wp:featuredmedia":[{"embeddable":true,"href":"https:\/\/www.acapulcopress.com\/index.php\/wp-json\/"}],"wp:attachment":[{"href":"https:\/\/www.acapulcopress.com\/index.php\/wp-json\/wp\/v2\/media?parent=1219703"}],"wp:term":[{"taxonomy":"category","embeddable":true,"href":"https:\/\/www.acapulcopress.com\/index.php\/wp-json\/wp\/v2\/categories?post=1219703"},{"taxonomy":"post_tag","embeddable":true,"href":"https:\/\/www.acapulcopress.com\/index.php\/wp-json\/wp\/v2\/tags?post=1219703"}],"curies":[{"name":"wp","href":"https:\/\/api.w.org\/{rel}","templated":true}]}}