{"id":1219710,"date":"2021-01-22T22:50:39","date_gmt":"2021-01-23T04:50:39","guid":{"rendered":"https:\/\/www.acapulcopress.com\/?p=1219710"},"modified":"2021-01-22T22:50:39","modified_gmt":"2021-01-23T04:50:39","slug":"reconvierten-hospital-militar-de-chilpancingo-para-atender-pacientes-covid","status":"publish","type":"post","link":"https:\/\/www.acapulcopress.com\/index.php\/2021\/01\/22\/reconvierten-hospital-militar-de-chilpancingo-para-atender-pacientes-covid\/","title":{"rendered":"Reconvierten hospital militar de Chilpancingo para atender pacientes Covid"},"content":{"rendered":"<p style=\"text-align: justify;\">CHILPANCINGO. * 22 de enero de 2021.<br \/>\n<em>] Gobierno de Guerrero.<\/em><\/p>\n<p style=\"text-align: justify;\">Al hacer un recorrido por las instalaciones del Hospital Regional Militar que por gestiones del gobernador H\u00e9ctor Astudillo Flores, nuevamente fue reconvertido para atender a pacientes Covid en Chilpancingo, el secretario de <img loading=\"lazy\" decoding=\"async\" class=\"alignleft size-medium wp-image-1219712\" src=\"https:\/\/www.acapulco.press\/wp-content\/uploads\/2021\/01\/hospital-taxco-3-375x250.jpg\" alt=\"\" width=\"375\" height=\"250\" \/>Salud, Carlos de la Pe\u00f1a Pintos afirm\u00f3 que Guerrero est\u00e1 preparado para seguir haciendo frente a la emergencia sanitaria.<\/p>\n<p style=\"text-align: justify;\">Acompa\u00f1ado del secretario de Finanzas y Administraci\u00f3n, Tulio Samuel P\u00e9rez Calvo y del director del Hospital, Francisco Javier Molina Madera, De la Pe\u00f1a Pintos agradeci\u00f3 la solidaridad de la Secretar\u00eda de la Defensa Nacional por la oportunidad de incrementar el n\u00famero de camas para la atenci\u00f3n de pacientes diagnosticados con Covid-19.<br \/>\nManifest\u00f3 que en estos momentos en que la pandemia va en aumento, este apoyo es fundamental para atender a m\u00e1s pacientes.<\/p>\n<p style=\"text-align: justify;\"><img loading=\"lazy\" decoding=\"async\" class=\"alignleft size-medium wp-image-1219713\" src=\"https:\/\/www.acapulco.press\/wp-content\/uploads\/2021\/01\/hospital-taxco-4-375x250.jpg\" alt=\"\" width=\"375\" height=\"250\" \/>\u00abGuerrero est\u00e1 preparado en las siete regiones del estado para atender a los pacientes, pero lo fundamental es cuidarse, usar el cubrebocas, la sana distancia, el lavado de manos, evitar las aglomeraciones y los lugares cerrados, estos son fundamentales para la prevenci\u00f3n de la enfermedad\u00bb, puntualiz\u00f3.<\/p>\n<p style=\"text-align: justify;\">A si vez, el director del Hospital Militar Regional, Francisco Javier Molina Madera, inform\u00f3 que este ya est\u00e1 abierto para atender a la poblaci\u00f3n que requiera atenci\u00f3n m\u00e9dica.<\/p>\n<p style=\"text-align: justify;\">Detall\u00f3 que esta unidad cuenta con 20 camas de terapia intensiva y 10 de hospitalaci\u00f3n.<\/p>\n<p style=\"text-align: justify;\"><img loading=\"lazy\" decoding=\"async\" class=\"alignleft size-medium wp-image-1219714\" src=\"https:\/\/www.acapulco.press\/wp-content\/uploads\/2021\/01\/hospital-taxco-375x563.jpg\" alt=\"\" width=\"375\" height=\"563\" \/>\u00abLo importante es que debemos protegernos con el uso de cubrebocas, el lavado de manos para prevenir, lo m\u00e1s importante no es que lleguen al hospital, sino que no lleguen, pero estamos a la orden, listos para apoyar a quien lo requiera\u00bb, apunt\u00f3.<\/p>\n<p style=\"text-align: justify;\">En este recorrido tambi\u00e9n presenciaron la aplicaci\u00f3n de la vacuna anti Covid a personal de sanidad de la Secretar\u00eda de la Defensa Nacional.<\/p>\n","protected":false},"excerpt":{"rendered":"<p>CHILPANCINGO. * 22 de enero de 2021. ] Gobierno de Guerrero. Al hacer un recorrido por las instalaciones del Hospital Regional Militar que por gestiones del gobernador H\u00e9ctor Astudillo Flores, nuevamente fue reconvertido para atender a pacientes Covid en Chilpancingo, el secretario de Salud, Carlos de la Pe\u00f1a Pintos afirm\u00f3 que Guerrero est\u00e1 preparado para&#8230;<\/p>\n","protected":false},"author":2,"featured_media":1219712,"comment_status":"closed","ping_status":"closed","sticky":false,"template":"","format":"standard","meta":{"footnotes":""},"categories":[18573,1983],"tags":[6705,8881,9705,9876],"class_list":["post-1219710","post","type-post","status-publish","format-standard","has-post-thumbnail","hentry","category-goverment","category-guerrerogob","tag-covid19","tag-francisco-javier-molina-madera","tag-hector-astudillo-flores","tag-hospital-militar-regional"],"_links":{"self":[{"href":"https:\/\/www.acapulcopress.com\/index.php\/wp-json\/wp\/v2\/posts\/1219710","targetHints":{"allow":["GET"]}}],"collection":[{"href":"https:\/\/www.acapulcopress.com\/index.php\/wp-json\/wp\/v2\/posts"}],"about":[{"href":"https:\/\/www.acapulcopress.com\/index.php\/wp-json\/wp\/v2\/types\/post"}],"author":[{"embeddable":true,"href":"https:\/\/www.acapulcopress.com\/index.php\/wp-json\/wp\/v2\/users\/2"}],"replies":[{"embeddable":true,"href":"https:\/\/www.acapulcopress.com\/index.php\/wp-json\/wp\/v2\/comments?post=1219710"}],"version-history":[{"count":0,"href":"https:\/\/www.acapulcopress.com\/index.php\/wp-json\/wp\/v2\/posts\/1219710\/revisions"}],"wp:featuredmedia":[{"embeddable":true,"href":"https:\/\/www.acapulcopress.com\/index.php\/wp-json\/"}],"wp:attachment":[{"href":"https:\/\/www.acapulcopress.com\/index.php\/wp-json\/wp\/v2\/media?parent=1219710"}],"wp:term":[{"taxonomy":"category","embeddable":true,"href":"https:\/\/www.acapulcopress.com\/index.php\/wp-json\/wp\/v2\/categories?post=1219710"},{"taxonomy":"post_tag","embeddable":true,"href":"https:\/\/www.acapulcopress.com\/index.php\/wp-json\/wp\/v2\/tags?post=1219710"}],"curies":[{"name":"wp","href":"https:\/\/api.w.org\/{rel}","templated":true}]}}