{"id":1219726,"date":"2021-01-22T23:18:05","date_gmt":"2021-01-23T05:18:05","guid":{"rendered":"https:\/\/www.acapulcopress.com\/?p=1219726"},"modified":"2021-01-22T23:18:05","modified_gmt":"2021-01-23T05:18:05","slug":"redes-sociales-dejan-de-ser-benditas-ahora-son-adversarias-de-lopez-obrador","status":"publish","type":"post","link":"https:\/\/www.acapulcopress.com\/index.php\/2021\/01\/22\/redes-sociales-dejan-de-ser-benditas-ahora-son-adversarias-de-lopez-obrador\/","title":{"rendered":"Redes sociales dejan de ser \u00abbenditas\u00bb; ahora son adversarias de L\u00f3pez Obrador"},"content":{"rendered":"<p style=\"text-align: justify;\">CIUDAD DE M\u00c9XICO. * 22 de enero de 2021.<br \/>\n<em>] <a href=\"https:\/\/www.efe.com\/efe\/america\/mexico\/las-redes-sociales-pasan-de-ser-benditas-a-adversarias-lopez-obrador\/50000545-4447210\" target=\"_blank\" rel=\"noopener\">Efe<\/a>.<\/em><\/p>\n<p style=\"text-align: justify;\">Cuando Andr\u00e9s Manuel L\u00f3pez Obrador asumi\u00f3 la Presidencia mexicana hace dos a\u00f1os agradeci\u00f3 a las \u00abbenditas redes sociales\u00bb por su triunfo, pero ahora en el poder confronta a <em>Twitter<\/em> y <em>Facebook<\/em> al acusarlos de censura e, incluso, de tener un sesgo en su contra.<\/p>\n<p style=\"text-align: justify;\">Para el presidente, \u201clas redes sociales pasaron de ser benditas a ser redes de censura y de servilismo a los intereses de la mafia del poder en un dos por tres\u201d, explica a Efe la profesora Georgina Flores, de la Facultad Latinoamericana de Ciencias Sociales <em>(Flacso).<\/em><\/p>\n<p style=\"text-align: justify;\">CAMBIO DE ACTITUD<\/p>\n<p style=\"text-align: justify;\">En su victoria electoral del 1 de julio de 2018, L\u00f3pez Obrador adjudic\u00f3 su triunfo a las redes sociales, donde los entonces opositores cuestionaron con libertad al Gobierno del Partido Revolucionario Institucional (PRI).<\/p>\n<p style=\"text-align: justify;\">\u00abLos medios de informaci\u00f3n no fueron, como en otras ocasiones, correas de transmisi\u00f3n para la guerra sucia. Tambi\u00e9n mi gratitud a las benditas redes sociales\u00bb, declar\u00f3 desde el Z\u00f3calo de Ciudad de M\u00e9xico.<\/p>\n<p style=\"text-align: justify;\">Pero desde el ataque al capitolio de Estados Unidos, el 6 de enero, L\u00f3pez Obrador ha acusado a <em>Twitter<\/em> y<em> Facebook<\/em> de \u00abcensurar\u00bb a Donald Trump por suspender sus cuentas, en las que incitaba a la violencia.<\/p>\n<p style=\"text-align: justify;\">Incluso, la semana pasada anunci\u00f3 que plantear\u00e1 al G20 su rechazo a que las redes sociales puedan \u00absuspender la libertad de expresi\u00f3n\u00bb y que M\u00e9xico podr\u00eda crear su propia red social.<\/p>\n<p style=\"text-align: justify;\">El conflicto escal\u00f3 esta semana cuando L\u00f3pez Obrador critic\u00f3 en su rueda de prensa matutina al jefe de pol\u00edticas p\u00fablicas de Twitter en M\u00e9xico, Hugo Rodr\u00edguez Nicolat, porque antes trabaj\u00f3 para pol\u00edticos del Partido Acci\u00f3n Nacional (PAN), principal opositor del presidente.<\/p>\n<p style=\"text-align: justify;\">\u00abEsto es importante porque no son solo las instituciones o los organismos o decir <em>Twitter<\/em> o &#8216;Face&#8217;, sino ver qui\u00e9nes manejan estas instituciones, qui\u00e9nes son, porque ustedes que son periodistas saben que es muy dif\u00edcil que haya neutralidad\u00bb, argument\u00f3 el mandatario.<\/p>\n<p style=\"text-align: justify;\">CONTRADICCI\u00d3N<\/p>\n<p style=\"text-align: justify;\">Flores, investigadora de medios de comunicaci\u00f3n y democracia, considera que la actitud de <em>Facebook<\/em> y <em>Twitter<\/em> no ha cambiado, pero L\u00f3pez Obrador ve con preocupaci\u00f3n lo que pas\u00f3 con Trump, con quien ha presumido una \u00abmuy buena relaci\u00f3n\u00bb.<\/p>\n<p style=\"text-align: justify;\">\u201cEl discurso pasado del presidente nos da elementos para ver que las redes dejaron de ser benditas para ser malditas precisamente porque hay un inter\u00e9s en anticiparse a lo que podr\u00eda pasar, tomando como referencia lo ocurrido de Estados Unidos\u201d, indica la acad\u00e9mica de <em>Flacso<\/em>.<\/p>\n<p style=\"text-align: justify;\">La profesora tambi\u00e9n se\u00f1ala la contradicci\u00f3n del presidente, quien por una parte se dice v\u00edctima de la censura y por otra suele cuestionar a periodistas y cr\u00edticos de su Gobierno.<\/p>\n<p style=\"text-align: justify;\">\u00abEso por supuesto es grav\u00edsimo, sobre todo en un pa\u00eds como este, donde las agresiones y los asesinatos a periodistas constituyen un problema que requiere atenci\u00f3n urgente\u201d, expresa.<\/p>\n<p style=\"text-align: justify;\">L\u00cdDER EN LAS REDES<\/p>\n<p style=\"text-align: justify;\">Con m\u00e1s de 7,7 millones de seguidores, L\u00f3pez Obrador es el mandatario de Am\u00e9rica Latina m\u00e1s popular en <em>Twitter<\/em> e incluso est\u00e1 por encima de cualquier l\u00edder europeo, de acuerdo con el sitio <em>Twiplomacy<\/em>.<\/p>\n<p style=\"text-align: justify;\">\u201cL\u00f3pez Obrador ha sido muy inteligente, y su equipo tambi\u00e9n, en el manejo de las redes sociales para manejar la opini\u00f3n p\u00fablica y las percepciones, es alguien con el perfil del expresidente de Estados Unidos\u00bb, expone Hugo G\u00f3mez, director general de la agencia <em>Human Connections Medi<\/em>a.<\/p>\n<p style=\"text-align: justify;\">El presidente, quien tiene cerca de 8 millones de seguidores en<em> Facebook<\/em> y 2,4 millones de suscriptores en<em> YouTube<\/em>, se ha enfrascado con <em>Twitter<\/em> porque es la red social con usuarios m\u00e1s interesados en pol\u00edtica, opina G\u00f3mez.<\/p>\n<p style=\"text-align: justify;\">Sergio Lara, investigador de <em>Human Connections,<\/em> expone que el mandatario usa una estrategia de comunicaci\u00f3n en la que se aprovecha de posturas pol\u00e9micas para mantenerse en la conversaci\u00f3n.<\/p>\n<p style=\"text-align: justify;\">\u201cCuando hay una postura as\u00ed de puntual, \u00fanica y directa, el nivel de inter\u00e9s aumenta, es una maniobra inteligente porque saben que este inter\u00e9s crece con este tipo de circunstancias\u201d, considera.<\/p>\n<p style=\"text-align: justify;\">\u00bfCENSURA O CONTROL?<\/p>\n<p style=\"text-align: justify;\">Las cr\u00edticas del presidente y la postura de Trump han dividido a los usuarios de M\u00e9xico sobre qui\u00e9n debe regular las redes sociales.<\/p>\n<p style=\"text-align: justify;\">\u201cLos usuarios de las redes sociales piden que haya un control, pero no saben exactamente c\u00f3mo, porque muchos de nosotros, especialmente en M\u00e9xico, hemos sido v\u00edctimas de creer estas noticias falsas\u00bb, indica G\u00f3mez.<\/p>\n<p style=\"text-align: justify;\">Pero la profesora Flores lamenta que el debate urgente se pierda entre las declaraciones pol\u00edticas del presidente.<br \/>\n\u201cMe preocupa que esta discusi\u00f3n que es bastante necesaria sobre las empresas de redes sociales y la polarizaci\u00f3n termine perdi\u00e9ndose en este tipo de discusiones mucho m\u00e1s banales y superficiales\u00bb, concluye.<\/p>\n","protected":false},"excerpt":{"rendered":"<p>CIUDAD DE M\u00c9XICO. * 22 de enero de 2021. ] Efe. Cuando Andr\u00e9s Manuel L\u00f3pez Obrador asumi\u00f3 la Presidencia mexicana hace dos a\u00f1os agradeci\u00f3 a las \u00abbenditas redes sociales\u00bb por su triunfo, pero ahora en el poder confronta a Twitter y Facebook al acusarlos de censura e, incluso, de tener un sesgo en su contra&#8230;.<\/p>\n","protected":false},"author":2,"featured_media":1219727,"comment_status":"closed","ping_status":"closed","sticky":false,"template":"","format":"standard","meta":{"footnotes":""},"categories":[1969],"tags":[2614,3793,3896,8318,8344,9955,17453,17455],"class_list":["post-1219726","post","type-post","status-publish","format-standard","has-post-thumbnail","hentry","category-trending","tag-benditasredessociales","tag-amlo","tag-andres-manuel-lopez-obrador","tag-facebook","tag-facultad-latinoamericana-de-ciencias-sociales-flacso","tag-human-connections-medi","tag-twiplomacy","tag-twitter"],"_links":{"self":[{"href":"https:\/\/www.acapulcopress.com\/index.php\/wp-json\/wp\/v2\/posts\/1219726","targetHints":{"allow":["GET"]}}],"collection":[{"href":"https:\/\/www.acapulcopress.com\/index.php\/wp-json\/wp\/v2\/posts"}],"about":[{"href":"https:\/\/www.acapulcopress.com\/index.php\/wp-json\/wp\/v2\/types\/post"}],"author":[{"embeddable":true,"href":"https:\/\/www.acapulcopress.com\/index.php\/wp-json\/wp\/v2\/users\/2"}],"replies":[{"embeddable":true,"href":"https:\/\/www.acapulcopress.com\/index.php\/wp-json\/wp\/v2\/comments?post=1219726"}],"version-history":[{"count":0,"href":"https:\/\/www.acapulcopress.com\/index.php\/wp-json\/wp\/v2\/posts\/1219726\/revisions"}],"wp:featuredmedia":[{"embeddable":true,"href":"https:\/\/www.acapulcopress.com\/index.php\/wp-json\/"}],"wp:attachment":[{"href":"https:\/\/www.acapulcopress.com\/index.php\/wp-json\/wp\/v2\/media?parent=1219726"}],"wp:term":[{"taxonomy":"category","embeddable":true,"href":"https:\/\/www.acapulcopress.com\/index.php\/wp-json\/wp\/v2\/categories?post=1219726"},{"taxonomy":"post_tag","embeddable":true,"href":"https:\/\/www.acapulcopress.com\/index.php\/wp-json\/wp\/v2\/tags?post=1219726"}],"curies":[{"name":"wp","href":"https:\/\/api.w.org\/{rel}","templated":true}]}}