{"id":1219745,"date":"2021-01-24T18:32:28","date_gmt":"2021-01-25T00:32:28","guid":{"rendered":"https:\/\/www.acapulcopress.com\/?p=1219745"},"modified":"2021-01-24T18:32:28","modified_gmt":"2021-01-25T00:32:28","slug":"felix-candidato-bajo-sospecha","status":"publish","type":"post","link":"https:\/\/www.acapulcopress.com\/index.php\/2021\/01\/24\/felix-candidato-bajo-sospecha\/","title":{"rendered":"F\u00e9lix | Candidato bajo sospecha"},"content":{"rendered":"<p style=\"text-align: justify;\"><em>Jiribilla Coste\u00f1a<\/em><br \/>\n<strong>\u00bb El Brujo Chiripero<\/strong><br \/>\n<em>] Acapulco Press.<\/em><\/p>\n<p style=\"text-align: justify;\">Cuenta Eduardo Evaristo, en su libro \u00abEl Gran Farsante\u00bb, que en 1999 F\u00e9lix Salgado negoci\u00f3 en &#8216;billetes gringos&#8217; la gubernatura con Ren\u00e9 Ju\u00e1rez desde\u00a0 antes de las elecciones del 7 de febrero, y que se qued\u00f3 con el dinero que AMLO, <img loading=\"lazy\" decoding=\"async\" class=\"alignleft size-medium wp-image-1219748\" src=\"https:\/\/www.acapulco.press\/wp-content\/uploads\/2021\/01\/gran-farsa-375x215.jpg\" alt=\"\" width=\"375\" height=\"215\" \/>entonces presidente nacional del PRD, le entreg\u00f3 en sus propias manos en Acapulco, para su campa\u00f1a pol\u00edtica.<\/p>\n<p style=\"text-align: justify;\">La maleta que L\u00f3pez Obrador le entreg\u00f3, a eso de las 9 de la noche, en las oficinas del partido ubicadas frente al Centro M\u00e9dico de Acapulco, \u00aberan puras fajitas de billetes de 200 pesos!\u00bb, narra el libro.<\/p>\n<p style=\"text-align: justify;\">Dice Eduardo Evaristo que eso le alegr\u00f3 mucho, porque llevaba ya gastado medio mill\u00f3n de pesos en la campa\u00f1a de F\u00e9lix, y este segu\u00eda &#8216;sangr\u00e1ndolo&#8217; inmisericordemente.<\/p>\n<p style=\"text-align: justify;\">Al abrir la maleta, Eduardo se llen\u00f3 de alegr\u00eda y le dijo a F\u00e9lix: \u00abAhora s\u00ed hay <em>lana;<\/em> ahora s\u00ed me vas a ayudar, ya no tengo ni qu\u00e9 chingados vender\u00bb.<\/p>\n<p style=\"text-align: justify;\">Adusto, F\u00e9lix le respondi\u00f3: \u00abDe ese dinero no se va a tocar ni un pesos; as\u00ed como est\u00e1 (la maleta) se va al banco\u00bb.<\/p>\n<p style=\"text-align: justify;\"><img loading=\"lazy\" decoding=\"async\" class=\"alignleft size-medium wp-image-1219746\" src=\"https:\/\/www.acapulco.press\/wp-content\/uploads\/2021\/01\/DINERO-AMLO-1999-375x180.jpg\" alt=\"\" width=\"375\" height=\"180\" \/>\u00abSi lo usamos es como si estuvi\u00e9ramos aceptando las condiciones que Andr\u00e9s Manuel me quiere imponer; \u00e9l quiere decirme qui\u00e9nes van a formar mi gabinete y eso a mi no me conviene. \u00bfPor qu\u00e9 crees que que nos traen recurso hasta ahora? \u00a1Por que saben que vamos a ganar! Y yo no estoy de acuerdo en que gente que no se anda fregando\u00a0 con nosotros est\u00e9 en mi gabinete.<\/p>\n<p style=\"text-align: justify;\">\u00abMira, <em>cocho<\/em>: yo voy a poner pura gente como ustedes, que se est\u00e1n partiendo la <em>madre<\/em> conmigo; que se est\u00e1n ganando el cargo. Con este dinero (Andr\u00e9s Manuel) ha de decir: \u00abya tengo amarrado a F\u00e9lix!\u00bb, \u00a1pues no! Eso no lo voy a permitir. Mira, Evaristo, vamos a seguir ech\u00e1ndole todas las ganas, como lo estamos haciendo\u00bb.<\/p>\n<p style=\"text-align: justify;\">Esto provoc\u00f3 la reacci\u00f3n inmediata de Evaristo.<\/p>\n<p style=\"text-align: justify;\">\u00ab\u00a1No, F\u00e9lix! Esto ya est\u00e1 de la <em>chingada<\/em> para mi. Yo ya no encuentro la puerta, ya no se ni qu\u00e9 chingado vender para seguir meti\u00e9ndole a la campa\u00f1a. \u00bfPor qu\u00e9, mejor, agarramos un poco de ese dinero y luego lo reponemos? \u00a1Al cabo qui\u00e9n chingado se va a dar cuenta! Lo vamos a saber t\u00fa y yo nada m\u00e1s; \u00a1no seas <em>cabr\u00f3n<\/em>! Todav\u00eda falta un buen trecho y hay que seguir gastando.<\/p>\n<p style=\"text-align: justify;\">&#8211;\u00a1Que no, Evaristo!&#8211; le espet\u00f3 F\u00e9lix.\u00a0 \u00abYa te dije que que no; no se va a tocar nada de aqu\u00ed (de la maleta). Haz lo que puedas hacer y ya. \u00a1Y de esto que acabamos de hablar, no se lo digas a nadie!<\/p>\n<p style=\"text-align: justify;\">Y ah\u00ed comenz\u00f3 el distanciamiento con quien le hab\u00eda dado todo a F\u00e9lix Salgado Macedonio, que lleg\u00f3 al PRD como arribista, sin amigos, sin contactos, sin dinero, sin experiencia pol\u00edtica.<\/p>\n<p style=\"text-align: justify;\">Cuando F\u00e9lix se enter\u00f3 que Eduardo Evaristo lo abandonaba, tras descubrir sus embuster\u00edas, negociaciones oscuras a espaldas del PRD, de sus seguidores, de sus mejores amigos y hasta del presidente nacional del PRD, Andr\u00e9s Manuel L\u00f3pez Obrador, lo mand\u00f3 llamar para tomarse un caf\u00e9, a las 10 de la ma\u00f1ana, en el hotel Continental.<\/p>\n<p style=\"text-align: justify;\">Eduardo lleg\u00f3 puntual, acompa\u00f1ado de su pareja, Martha Berm\u00fadez L\u00f3pez.<\/p>\n<p style=\"text-align: justify;\">&#8211;\u00a1Cocho, si yo te quiero como a un hermano!&#8211;, le dijo F\u00e9lix, ba\u00f1ado en l\u00e1grimas. \u00ab\u00a1No me dejes, cabr\u00f3n! \u00a1Vamos a ganar! \u00a1Esta lucha es tambi\u00e9n tuya!<\/p>\n<p style=\"text-align: justify;\">Al quite sali\u00f3 la pareja de Eduardo: \u00ab\u00a1Ojal\u00e1 esas l\u00e1grimas fueran sinceras! Pero con usted no se sabe, ya que siempre est\u00e1 diciendo mentiras. Eduardo realmente lo estima y a mi me consta, \u00a1y no es falso como usted!<\/p>\n<p style=\"text-align: justify;\">Lamentablemente, Eduardo Evaristo Longares sucumbi\u00f3 a la argucia de F\u00e9lix Salgado Macedonio.<\/p>\n<p style=\"text-align: justify;\">Tarde descubri\u00f3 su gran y estimado amigo no sab\u00eda ni un \u00e1pice de lealtad ni de amistad.<\/p>\n<p style=\"text-align: justify;\">Evaristo sufri\u00f3 m\u00e1s traiciones y desgastes econ\u00f3micos hasta que se qued\u00f3 en la ruina. Cuando F\u00e9lix vio que ya no le era \u00fatil para pagarles sus comidas, propaganda y movimientos, \u00a1ni las gracias le dio!<\/p>\n<p style=\"text-align: justify;\">. . .<\/p>\n<p style=\"text-align: justify;\">En 1998 F\u00e9lix no era el candidato de Andr\u00e9s Manuel L\u00f3pez Obrador, sino el exdiputado federal Pablo Sandoval <img loading=\"lazy\" decoding=\"async\" class=\"alignleft size-medium wp-image-1219749\" src=\"https:\/\/www.acapulco.press\/wp-content\/uploads\/2021\/01\/prologo-375x518.jpg\" alt=\"\" width=\"375\" height=\"518\" \/>Ram\u00edrez, padre de Pablo Amilcar Sandoval Ballesteros, porque L\u00f3pez conoc\u00eda algunas &#8216;chapucer\u00edas&#8217; de F\u00e9lix, pero no tuvo de otra, a fin calmar las huestes perredistas que lo aclamaban como candidato. Pero desde que &#8216;vendi\u00f3&#8217; la causa a Ren\u00e9 Ju\u00e1rez lo mantuvo vigilado y a distancia. De hecho, rehusaba entrevistarse m\u00e1s con \u00e9l.<\/p>\n<p style=\"text-align: justify;\">Curiosamente, en 2021 ocurri\u00f3 lo mismo. F\u00e9lix no era el &#8216;bendecido&#8217; de AMLO ni el CEN de Morena, pero el Presidente cedi\u00f3 a las presiones, para evitar fracturas en su partido.<\/p>\n<p style=\"text-align: justify;\">Habilidosamente, CEN de Morena y AMLO dejaron correr una denuncia penal por abuso sexual para mantenerlo a raya. \u00a1Cualquiera hubiese metido las manos al fuego por su candidato! Pero L\u00f3pez Obrador, acostumbrado a hacer justicia con ayuda ajena, para lavarse las manos, esta vez dej\u00f3 en poder de la justicia deliberar el retiro o la permanencia de su candidatura al &#8216;El Toro sin cerca&#8217;. Curiosamente, a la primera denuncia, se sum\u00f3 otra.<\/p>\n<p style=\"text-align: justify;\">Para nadie es un secreto que, siendo F\u00e9lix el precandidato casi oficial de su partido. AMLO le mantiene &#8216;sanas distancias&#8217;.<\/p>\n<p style=\"text-align: justify;\">Fue cuando F\u00e9lix Salgado asumi\u00f3 la presidencia de Acapulco (2005-2008) que Eduardo Evaristo Longares &#8211;cofundador del PRD en Guerrero y pr\u00e1cticamente el Dr. Frankenstein que creo al &#8216;monstruo&#8217; de F\u00e9lix Salgado, que public\u00f3 \u00abel Gran Farsante\u00bb, narrando con detalles cada una de las transas y embuster\u00edas del &#8216;toro sin cerca&#8217; contra el partido, contra AMLO mismo y contra la causa perredista en Acapulco y Guerrero.<\/p>\n<p style=\"text-align: justify;\">Se sabe que envi\u00f3 una copia del libro a su amigo L\u00f3pez Obrador, para enterarlo hasta de los actos inmorales de su ex candidato en 1998. Es casi obvio que AMLO sabe de los asechos del depredador sexual en los campamentos de sus seguidores, en busca de &#8216;carne fresca&#8217; para &#8216;lamerse los bigotes&#8217;, tal como describe Evaristo en \u00abEl Gran Farsante\u00bb.<\/p>\n<p style=\"text-align: justify;\"><img loading=\"lazy\" decoding=\"async\" class=\"alignleft size-medium wp-image-1219750\" src=\"https:\/\/www.acapulco.press\/wp-content\/uploads\/2021\/01\/Delgado-de-Arcelia-375x302.png\" alt=\"\" width=\"375\" height=\"302\" \/>Personalmente, Evaristo Longares tambi\u00e9n confes\u00f3 a este periodista que F\u00e9lix Salgado le ofrec\u00eda comprarle todas las copias del libro&#8230; y un cargo.<\/p>\n<p style=\"text-align: justify;\">Para no ahondar en detalles, Eduardo Evaristo Longares finalmente fue reportado como desaparecido el 25 de diciembre de 2013, cuando fung\u00eda como delegado de Transportes en Arcelia, Tierra Caliente, regi\u00f3n natal de F\u00e9lix Salgado Macedonio. A la fecha, ninguna autoridad ha emitido resultado alguno de su b\u00fasqueda.<\/p>\n<p style=\"text-align: justify;\">Evaristo Longares dijo tambi\u00e9n que la delegaci\u00f3n asignaba estaba \u00abde la chingada\u00bb,\u00a0 pues Juan Larequi Radilla, ex director de la Comisi\u00f3n de Transportes en Guerrero, le hab\u00eda comision\u00f3 a poner orden con transportistas liderados por la ma\u00f1a y la delincuencia organizada. No dud\u00f3 que a lo mejor se lo \u00abcargaba la chingada\u00bb.<\/p>\n<p style=\"text-align: justify;\">Refiri\u00f3 que ya hab\u00eda solicitado al Gobernador \u00c1ngel Aguirre que lo cambiaran a Acapulco o Chilpancingo, pero en respuesta adujo que lo quer\u00edan mandar m\u00e1s arriba de Arcelia, y que mejor estaba a punto de renunciar para dedicarse a darle mantenimiento a sus microbuses.<\/p>\n<p style=\"text-align: justify;\">A Evaristo no lo dejaron en paz, pese a que intent\u00f3 poner orden en el transporte p\u00fablico de la regi\u00f3n.<\/p>\n<p style=\"text-align: justify;\">Poco a poco fue rehusando las llamadas de sus amigos periodistas.<\/p>\n<p style=\"text-align: justify;\">El 25 de diciembre de 2013 fue publicado en medio que Eduardo Evaristo Longares se hallaba desaparecido y su familia tem\u00eda por su vida.<\/p>\n<p style=\"text-align: justify;\">Su pareja, Martha Berm\u00fadez, ha guardado silencio.<\/p>\n<p style=\"text-align: justify;\">Casi una d\u00e9cada ha pasado&#8230;<\/p>\n<p style=\"text-align: justify;\">La \u00faltima vez que se entrevist\u00f3 al ex gran amigo de Eduardo, a saber, F\u00e9lix Salgado &#8211;en diciembre pasado&#8211;, y se habl\u00f3 de Evaristo, el &#8216;toro&#8217; solo pregunt\u00f3, t\u00e1cito: \u00ab\u00bfY ese cabr\u00f3n donde anda?\u00bb<\/p>\n<p style=\"text-align: justify;\">&#8211;Desaparecido, desde 2013.<\/p>\n<p style=\"text-align: justify;\">El &#8216;Toro&#8217; pel\u00f3 los ojos y platic\u00f3 de otros temas &#8216;m\u00e1s a amenos&#8217;<\/p>\n<p style=\"text-align: justify;\">Los originales del libro quedaron en poder la pareja de Eduardo.<\/p>\n<p style=\"text-align: justify;\">Del resto de la edici\u00f3n no se sabe m\u00e1s.<\/p>\n<p style=\"text-align: justify;\">Dicen que &#8216;personas desconocidas se encargaron de colectar las copias vendidas y regaladas&#8230; salvo aquellas que &#8216;siguen haciendo historia&#8217;.<\/p>\n<p style=\"text-align: justify;\">2021: \u00bfAJUSTE DE CUENTAS?<\/p>\n<p style=\"text-align: justify;\">De usted sean las conclusiones.<br \/>\nwww.acapulco.press<\/p>\n","protected":false},"excerpt":{"rendered":"<p>Jiribilla Coste\u00f1a \u00bb El Brujo Chiripero ] Acapulco Press. Cuenta Eduardo Evaristo, en su libro \u00abEl Gran Farsante\u00bb, que en 1999 F\u00e9lix Salgado negoci\u00f3 en &#8216;billetes gringos&#8217; la gubernatura con Ren\u00e9 Ju\u00e1rez desde\u00a0 antes de las elecciones del 7 de febrero, y que se qued\u00f3 con el dinero que AMLO, entonces presidente nacional del PRD,&#8230;<\/p>\n","protected":false},"author":2,"featured_media":1219747,"comment_status":"closed","ping_status":"closed","sticky":false,"template":"","format":"standard","meta":{"footnotes":""},"categories":[1972,18577,2069,2008],"tags":[7591,7665,7712,7799,8467,9543,10786,13297,14804,14914,15475],"class_list":["post-1219745","post","type-post","status-publish","format-standard","has-post-thumbnail","hentry","category-special","category-politica-la-foto","category-a-contraluz","category-editorial","tag-eduardo-evaristo-longares","tag-el-brujo-chiripero","tag-el-gran-farsante","tag-eleccion-guerrero-2021","tag-felix-salgado-macedonio","tag-gubernatura-de-guerrero-1999","tag-jiribilla-costena","tag-morena","tag-prd","tag-pri","tag-rene-juarez-cisneros"],"_links":{"self":[{"href":"https:\/\/www.acapulcopress.com\/index.php\/wp-json\/wp\/v2\/posts\/1219745","targetHints":{"allow":["GET"]}}],"collection":[{"href":"https:\/\/www.acapulcopress.com\/index.php\/wp-json\/wp\/v2\/posts"}],"about":[{"href":"https:\/\/www.acapulcopress.com\/index.php\/wp-json\/wp\/v2\/types\/post"}],"author":[{"embeddable":true,"href":"https:\/\/www.acapulcopress.com\/index.php\/wp-json\/wp\/v2\/users\/2"}],"replies":[{"embeddable":true,"href":"https:\/\/www.acapulcopress.com\/index.php\/wp-json\/wp\/v2\/comments?post=1219745"}],"version-history":[{"count":0,"href":"https:\/\/www.acapulcopress.com\/index.php\/wp-json\/wp\/v2\/posts\/1219745\/revisions"}],"wp:featuredmedia":[{"embeddable":true,"href":"https:\/\/www.acapulcopress.com\/index.php\/wp-json\/"}],"wp:attachment":[{"href":"https:\/\/www.acapulcopress.com\/index.php\/wp-json\/wp\/v2\/media?parent=1219745"}],"wp:term":[{"taxonomy":"category","embeddable":true,"href":"https:\/\/www.acapulcopress.com\/index.php\/wp-json\/wp\/v2\/categories?post=1219745"},{"taxonomy":"post_tag","embeddable":true,"href":"https:\/\/www.acapulcopress.com\/index.php\/wp-json\/wp\/v2\/tags?post=1219745"}],"curies":[{"name":"wp","href":"https:\/\/api.w.org\/{rel}","templated":true}]}}