{"id":1219758,"date":"2021-01-24T19:42:08","date_gmt":"2021-01-25T01:42:08","guid":{"rendered":"https:\/\/www.acapulcopress.com\/?p=1219758"},"modified":"2021-01-24T19:42:08","modified_gmt":"2021-01-25T01:42:08","slug":"victor-aguirre-da-banderazo-a-obra-de-pavimentacion-en-la-calle-majahua","status":"publish","type":"post","link":"https:\/\/www.acapulcopress.com\/index.php\/2021\/01\/24\/victor-aguirre-da-banderazo-a-obra-de-pavimentacion-en-la-calle-majahua\/","title":{"rendered":"V\u00edctor Aguirre da banderazo a obra de pavimentaci\u00f3n en la calle Majahua"},"content":{"rendered":"<p style=\"text-align: justify;\">CIUDAD DE M\u00c9XICO. * 25 de enero de 2021.<br \/>\n<em>] Prensa #VAA.<br \/>\n<\/em><br \/>\nEl regidor con licencia, V\u00edctor Aguirre Alcaide, estuvo presente en el banderazo de arranque del proyecto de <img loading=\"lazy\" decoding=\"async\" class=\"alignleft size-medium wp-image-1219759\" src=\"https:\/\/www.acapulco.press\/wp-content\/uploads\/2021\/01\/VAA-375x250.jpg\" alt=\"\" width=\"375\" height=\"250\" \/>pavimentaci\u00f3n de la calle Majahua.<\/p>\n<p style=\"text-align: justify;\">Como parte de las gestiones p\u00fablicas ante el ayuntamiento de Acapulco, la tarde del s\u00e1bado, el ex diputado federal afirm\u00f3 que llevar, esta obra tiene \u00abl\u00f3gica y justicia\u00bb ya que refrenda su compromiso de llevar el desarrollo urbano y social en el puerto tur\u00edstico.<\/p>\n<p style=\"text-align: justify;\">\u00abLa vamos a pavimentar, el tramo de subida, pero sin ning\u00fan compromiso ya que uno lo hace humanamente posible o lo que es justo, pero lo que siento es que justo para (llevar la obra) de esta calle\u00bb, expres\u00f3.<\/p>\n<p style=\"text-align: justify;\"><img loading=\"lazy\" decoding=\"async\" class=\"alignleft size-medium wp-image-1219760\" src=\"https:\/\/www.acapulco.press\/wp-content\/uploads\/2021\/01\/VAA2-375x250.jpg\" alt=\"\" width=\"375\" height=\"250\" \/>C\u00f3mo muestra de agradecimiento de las y los vecinos de la colonia de Altos de Miramar, V\u00edctor Aguirre fue recibido con porras, saludos y muestras de cari\u00f1o en apoyo a \u00e9l, posteriormente al arranque de pavimentaci\u00f3n de concreto a la calle.<\/p>\n<p style=\"text-align: justify;\">\u00abEl estar invirtiendo en las calles, drenaje, servicios (p\u00fablicos) y agua potable es el nivel de vida que vamos adquirir en mejores condiciones, porque cuando una colonia tiene los servicios p\u00fablicos necesarios, el nivel de vida es diferente\u00bb, enfatiz\u00f3.<\/p>\n<p style=\"text-align: justify;\">Con dicha obra gestionada por V\u00edctor Aguirre, ser\u00e1n beneficiadas m\u00e1s de 100 familias beneficiadas, ya que principalmente las y los vecinos manten\u00edan dificultad en subir, debido a las condiciones de dicho tramo.<\/p>\n<p style=\"text-align: justify;\">El regidor con licencia estuvo acompa\u00f1ado de la diputada local, Dimna Salgado Apatiga y el ex regidor y legislador, Wulfrano Salgado Romero.<\/p>\n<p><img loading=\"lazy\" decoding=\"async\" class=\"alignnone wp-image-1219765 size-large\" src=\"https:\/\/www.acapulco.press\/wp-content\/uploads\/2021\/01\/VAA8-840x560.jpg\" alt=\"\" width=\"840\" height=\"560\" \/><\/p>\n","protected":false},"excerpt":{"rendered":"<p>CIUDAD DE M\u00c9XICO. * 25 de enero de 2021. ] Prensa #VAA. El regidor con licencia, V\u00edctor Aguirre Alcaide, estuvo presente en el banderazo de arranque del proyecto de pavimentaci\u00f3n de la calle Majahua. Como parte de las gestiones p\u00fablicas ante el ayuntamiento de Acapulco, la tarde del s\u00e1bado, el ex diputado federal afirm\u00f3 que&#8230;<\/p>\n","protected":false},"author":2,"featured_media":1219761,"comment_status":"closed","ping_status":"closed","sticky":false,"template":"","format":"standard","meta":{"footnotes":""},"categories":[2024,18561],"tags":[14895,17843],"class_list":["post-1219758","post","type-post","status-publish","format-standard","has-post-thumbnail","hentry","category-politica-activism","category-society-politics","tag-presidencia-de-acapulco","tag-victor-aguirre-alcaide"],"_links":{"self":[{"href":"https:\/\/www.acapulcopress.com\/index.php\/wp-json\/wp\/v2\/posts\/1219758","targetHints":{"allow":["GET"]}}],"collection":[{"href":"https:\/\/www.acapulcopress.com\/index.php\/wp-json\/wp\/v2\/posts"}],"about":[{"href":"https:\/\/www.acapulcopress.com\/index.php\/wp-json\/wp\/v2\/types\/post"}],"author":[{"embeddable":true,"href":"https:\/\/www.acapulcopress.com\/index.php\/wp-json\/wp\/v2\/users\/2"}],"replies":[{"embeddable":true,"href":"https:\/\/www.acapulcopress.com\/index.php\/wp-json\/wp\/v2\/comments?post=1219758"}],"version-history":[{"count":0,"href":"https:\/\/www.acapulcopress.com\/index.php\/wp-json\/wp\/v2\/posts\/1219758\/revisions"}],"wp:featuredmedia":[{"embeddable":true,"href":"https:\/\/www.acapulcopress.com\/index.php\/wp-json\/"}],"wp:attachment":[{"href":"https:\/\/www.acapulcopress.com\/index.php\/wp-json\/wp\/v2\/media?parent=1219758"}],"wp:term":[{"taxonomy":"category","embeddable":true,"href":"https:\/\/www.acapulcopress.com\/index.php\/wp-json\/wp\/v2\/categories?post=1219758"},{"taxonomy":"post_tag","embeddable":true,"href":"https:\/\/www.acapulcopress.com\/index.php\/wp-json\/wp\/v2\/tags?post=1219758"}],"curies":[{"name":"wp","href":"https:\/\/api.w.org\/{rel}","templated":true}]}}