{"id":1219772,"date":"2021-01-24T20:20:04","date_gmt":"2021-01-25T02:20:04","guid":{"rendered":"https:\/\/www.acapulcopress.com\/?p=1219772"},"modified":"2021-01-24T20:20:04","modified_gmt":"2021-01-25T02:20:04","slug":"anuncia-manuel-anorve-que-prepara-un-anuncio-que-fortalecera-al-pri-en-guerrero","status":"publish","type":"post","link":"https:\/\/www.acapulcopress.com\/index.php\/2021\/01\/24\/anuncia-manuel-anorve-que-prepara-un-anuncio-que-fortalecera-al-pri-en-guerrero\/","title":{"rendered":"Anuncia Manuel A\u00f1orve que prepara un anuncio que fortalecer\u00e1 al PRI en Guerrero"},"content":{"rendered":"<p style=\"text-align: justify;\">CIUDAD DE M\u00c9XICO. * 25 de enero de 2021.<br \/>\n] Efe.<br \/>\nEl Senador de la Rep\u00fablica Manuel A\u00f1orve Ba\u00f1os, dio a conocer en sus redes sociales oficiales que en los pr\u00f3ximos d\u00edas dar\u00e1 a conocer una plataforma pol\u00edtica para priistas de Guerrero, siempre con respeto y con la finalidad de buscar m\u00e1s y mejores rutas que abonen a la unidad y fuerza Institucional.<\/p>\n<p style=\"text-align: justify;\">En un video, el Senador A\u00f1orve, explica que dicha plataforma servir\u00e1 como espacio de di\u00e1logos y propuestas para el priismo guerrerense, con el objetivo principal de construir y fortalecer al PRI.<\/p>\n<p style=\"text-align: justify;\">\u00abC\u00f3mo est\u00e1n amigas y amigos de Guerrero, un saludo cordial a todos ustedes, y claro, un saludo especial al priismo del estado a quien hoy me dirijo para anunciarles que la pr\u00f3xima semana estar\u00e9 presentando una plataforma de acci\u00f3n y de encuentros que le permita al partido y a su oferta pol\u00edtica, tener mayor aceptaci\u00f3n social\u00bb expres\u00f3 A\u00f1orve Ba\u00f1os.<\/p>\n<p style=\"text-align: justify;\">Finalmente, el legislador federal invit\u00f3 a la poblaci\u00f3n a seguirse cuidando y no confiarse ante el Covid 19, que lamentablemente sigue causando contagios y perdidas de amigos y familiares.<\/p>\n<div style=\"width: 640px;\" class=\"wp-video\"><video class=\"wp-video-shortcode\" id=\"video-1219772-1\" width=\"640\" height=\"352\" preload=\"metadata\" controls=\"controls\"><source type=\"video\/mp4\" src=\"https:\/\/www.acapulco.press\/wp-content\/uploads\/2021\/01\/MANUEL-ANORVE-MENSAJE.mp4?_=1\" \/><a href=\"https:\/\/www.acapulco.press\/wp-content\/uploads\/2021\/01\/MANUEL-ANORVE-MENSAJE.mp4\">https:\/\/www.acapulco.press\/wp-content\/uploads\/2021\/01\/MANUEL-ANORVE-MENSAJE.mp4<\/a><\/video><\/div>\n","protected":false},"excerpt":{"rendered":"<p>CIUDAD DE M\u00c9XICO. * 25 de enero de 2021. ] Efe. El Senador de la Rep\u00fablica Manuel A\u00f1orve Ba\u00f1os, dio a conocer en sus redes sociales oficiales que en los pr\u00f3ximos d\u00edas dar\u00e1 a conocer una plataforma pol\u00edtica para priistas de Guerrero, siempre con respeto y con la finalidad de buscar m\u00e1s y mejores rutas&#8230;<\/p>\n","protected":false},"author":2,"featured_media":1219773,"comment_status":"closed","ping_status":"closed","sticky":false,"template":"","format":"video","meta":{"footnotes":""},"categories":[2024,18561],"tags":[12366,14916],"class_list":["post-1219772","post","type-post","status-publish","format-video","has-post-thumbnail","hentry","category-politica-activism","category-society-politics","tag-manuel-anorve-banos","tag-pri-guerrero","post_format-post-format-video"],"_links":{"self":[{"href":"https:\/\/www.acapulcopress.com\/index.php\/wp-json\/wp\/v2\/posts\/1219772","targetHints":{"allow":["GET"]}}],"collection":[{"href":"https:\/\/www.acapulcopress.com\/index.php\/wp-json\/wp\/v2\/posts"}],"about":[{"href":"https:\/\/www.acapulcopress.com\/index.php\/wp-json\/wp\/v2\/types\/post"}],"author":[{"embeddable":true,"href":"https:\/\/www.acapulcopress.com\/index.php\/wp-json\/wp\/v2\/users\/2"}],"replies":[{"embeddable":true,"href":"https:\/\/www.acapulcopress.com\/index.php\/wp-json\/wp\/v2\/comments?post=1219772"}],"version-history":[{"count":0,"href":"https:\/\/www.acapulcopress.com\/index.php\/wp-json\/wp\/v2\/posts\/1219772\/revisions"}],"wp:featuredmedia":[{"embeddable":true,"href":"https:\/\/www.acapulcopress.com\/index.php\/wp-json\/"}],"wp:attachment":[{"href":"https:\/\/www.acapulcopress.com\/index.php\/wp-json\/wp\/v2\/media?parent=1219772"}],"wp:term":[{"taxonomy":"category","embeddable":true,"href":"https:\/\/www.acapulcopress.com\/index.php\/wp-json\/wp\/v2\/categories?post=1219772"},{"taxonomy":"post_tag","embeddable":true,"href":"https:\/\/www.acapulcopress.com\/index.php\/wp-json\/wp\/v2\/tags?post=1219772"}],"curies":[{"name":"wp","href":"https:\/\/api.w.org\/{rel}","templated":true}]}}