{"id":1219793,"date":"2021-01-25T18:39:11","date_gmt":"2021-01-26T00:39:11","guid":{"rendered":"https:\/\/www.acapulcopress.com\/?p=1219793"},"modified":"2021-01-25T18:39:11","modified_gmt":"2021-01-26T00:39:11","slug":"yair-garcia-consolida-liderazgos-en-la-zona-poniente-de-acapulco","status":"publish","type":"post","link":"https:\/\/www.acapulcopress.com\/index.php\/2021\/01\/25\/yair-garcia-consolida-liderazgos-en-la-zona-poniente-de-acapulco\/","title":{"rendered":"Yair Garc\u00eda consolida liderazgos en la zona poniente de Acapulco"},"content":{"rendered":"<p style=\"text-align: justify;\">ACAPULCO. * 25 de enero de 2021.<br \/>\n<em>] Especial.<\/em><br \/>\n\u00abLa zona poniente de Acapulco cuenta con un potencial tur\u00edstico que no ha sido valorado hasta ahora por las <img loading=\"lazy\" decoding=\"async\" class=\"alignleft size-medium wp-image-1219799\" src=\"https:\/\/www.acapulco.press\/wp-content\/uploads\/2021\/01\/YAIR-CIUDADANO-5-375x311.jpg\" alt=\"\" width=\"375\" height=\"311\" \/>autoridades competentes y que permita su crecimiento econ\u00f3mico\u00bb, dijo Yair Garc\u00eda, Ciudadano de Tiempo Completo, a l\u00edderes ciudadanos de esa \u00e1rea.<\/p>\n<p style=\"text-align: justify;\">\u201cLa zona es una gran oportunidad para detonar la econom\u00eda del distrito 4to federal. La visi\u00f3n debe ser metropolitana, por la conexi\u00f3n que hay de las regiones que comparten el Pac\u00edfico\u201d, a\u00f1adi\u00f3.<\/p>\n<p style=\"text-align: justify;\">Yair Garc\u00eda consider\u00f3 que la gesti\u00f3n con la iniciativa privada e incentivos fiscales que se proyecten desde el Congreso local reactivar\u00edan la econom\u00eda y atraer\u00edan mayor turismo, beneficiando a cientos de familias acapulque\u00f1as, por ello trabaja para hacer este plan una realidad.<\/p>\n<p style=\"text-align: justify;\"><img loading=\"lazy\" decoding=\"async\" class=\"alignnone wp-image-1219800 size-large\" src=\"https:\/\/www.acapulco.press\/wp-content\/uploads\/2021\/01\/YAIR-CIUDADANO-6-840x714.jpg\" alt=\"\" width=\"840\" height=\"714\" \/><\/p>\n<p style=\"text-align: justify;\"><img loading=\"lazy\" decoding=\"async\" class=\"alignnone wp-image-1219798 size-large\" src=\"https:\/\/www.acapulco.press\/wp-content\/uploads\/2021\/01\/YAIR-CIUDADANO-4-840x667.jpg\" alt=\"\" width=\"840\" height=\"667\" \/><\/p>\n<p style=\"text-align: justify;\"><img loading=\"lazy\" decoding=\"async\" class=\"alignnone wp-image-1219797 size-large\" src=\"https:\/\/www.acapulco.press\/wp-content\/uploads\/2021\/01\/YAIR-CIUDADANO-3-840x709.jpg\" alt=\"\" width=\"840\" height=\"709\" \/><\/p>\n<p style=\"text-align: justify;\"><img loading=\"lazy\" decoding=\"async\" class=\"alignnone wp-image-1219796 size-large\" src=\"https:\/\/www.acapulco.press\/wp-content\/uploads\/2021\/01\/YAIR-CIUDADANO-2-840x654.jpg\" alt=\"\" width=\"840\" height=\"654\" \/><\/p>\n","protected":false},"excerpt":{"rendered":"<p>ACAPULCO. * 25 de enero de 2021. ] Especial. \u00abLa zona poniente de Acapulco cuenta con un potencial tur\u00edstico que no ha sido valorado hasta ahora por las autoridades competentes y que permita su crecimiento econ\u00f3mico\u00bb, dijo Yair Garc\u00eda, Ciudadano de Tiempo Completo, a l\u00edderes ciudadanos de esa \u00e1rea. \u201cLa zona es una gran oportunidad&#8230;<\/p>\n","protected":false},"author":2,"featured_media":1219801,"comment_status":"closed","ping_status":"closed","sticky":false,"template":"","format":"standard","meta":{"footnotes":""},"categories":[2024,18561],"tags":[5826,18204],"class_list":["post-1219793","post","type-post","status-publish","format-standard","has-post-thumbnail","hentry","category-politica-activism","category-society-politics","tag-ciudadano-de-tiempo-completo","tag-yair-garcia-delgado"],"_links":{"self":[{"href":"https:\/\/www.acapulcopress.com\/index.php\/wp-json\/wp\/v2\/posts\/1219793","targetHints":{"allow":["GET"]}}],"collection":[{"href":"https:\/\/www.acapulcopress.com\/index.php\/wp-json\/wp\/v2\/posts"}],"about":[{"href":"https:\/\/www.acapulcopress.com\/index.php\/wp-json\/wp\/v2\/types\/post"}],"author":[{"embeddable":true,"href":"https:\/\/www.acapulcopress.com\/index.php\/wp-json\/wp\/v2\/users\/2"}],"replies":[{"embeddable":true,"href":"https:\/\/www.acapulcopress.com\/index.php\/wp-json\/wp\/v2\/comments?post=1219793"}],"version-history":[{"count":0,"href":"https:\/\/www.acapulcopress.com\/index.php\/wp-json\/wp\/v2\/posts\/1219793\/revisions"}],"wp:featuredmedia":[{"embeddable":true,"href":"https:\/\/www.acapulcopress.com\/index.php\/wp-json\/"}],"wp:attachment":[{"href":"https:\/\/www.acapulcopress.com\/index.php\/wp-json\/wp\/v2\/media?parent=1219793"}],"wp:term":[{"taxonomy":"category","embeddable":true,"href":"https:\/\/www.acapulcopress.com\/index.php\/wp-json\/wp\/v2\/categories?post=1219793"},{"taxonomy":"post_tag","embeddable":true,"href":"https:\/\/www.acapulcopress.com\/index.php\/wp-json\/wp\/v2\/tags?post=1219793"}],"curies":[{"name":"wp","href":"https:\/\/api.w.org\/{rel}","templated":true}]}}