{"id":1219808,"date":"2021-01-25T18:59:40","date_gmt":"2021-01-26T00:59:40","guid":{"rendered":"https:\/\/www.acapulcopress.com\/?p=1219808"},"modified":"2021-01-25T18:59:40","modified_gmt":"2021-01-26T00:59:40","slug":"sociedad-y-gobierno-tenemos-que-hacer-un-esfuerzo-para-frenan-el-covid19-astudillo","status":"publish","type":"post","link":"https:\/\/www.acapulcopress.com\/index.php\/2021\/01\/25\/sociedad-y-gobierno-tenemos-que-hacer-un-esfuerzo-para-frenan-el-covid19-astudillo\/","title":{"rendered":"Sociedad y Gobierno tenemos que hacer un esfuerzo para frenar el Covid19 | Astudillo"},"content":{"rendered":"<p style=\"text-align: justify;\">ACAPULCO. * 25 de enero de 2021.<br \/>\n<em>] Gobierno de Guerrero.<br \/>\n<\/em><br \/>\nA trav\u00e9s de un videomensaje desde la Ciudad de M\u00e9xico, el gobernador del estado, H\u00e9ctor Astudillo Flores dijo que hay que seguir trabajando arduamente, de manera coordinada entre sociedad y gobierno, en el tema de la disminuci\u00f3n de los indicadores que tienen que ver con el Covid-19 en la entidad.<\/p>\n<p style=\"text-align: justify;\"><img loading=\"lazy\" decoding=\"async\" class=\"alignleft size-medium wp-image-1219809\" src=\"https:\/\/www.acapulco.press\/wp-content\/uploads\/2021\/01\/COVID1925ENE21-375x250.jpg\" alt=\"\" width=\"375\" height=\"250\" \/>Advirti\u00f3 que de no presentarse un decremento en las cifras de contagio, hospitalizaci\u00f3n y decesos, Guerrero podr\u00eda pasar a una etapa m\u00e1s compleja en los pr\u00f3ximos d\u00edas, por lo que la participaci\u00f3n de todos es fundamental para lograr este prop\u00f3sito.<\/p>\n<p style=\"text-align: justify;\">En cuanto al tema de compra de vacunas, el mandatario estatal dijo que se trabaja para conocer cu\u00e1les son los mecanismos para lograr su adquisici\u00f3n y se informar\u00e1 puntualmente a la poblaci\u00f3n al respecto.<\/p>\n<p style=\"text-align: justify;\">\u201cDecirles que nosotros quisi\u00e9ramos adquirir vacunas, quisi\u00e9ramos tener muchas vacunas para repartirlas en Guerrero, pero no solamente se trata de ser optimista, se trata de ser objetivo, \u00bflas podemos realmente comprar? \u00bfTenemos el mecanismo para internacionalmente hacerlo? Pues vamos a indagar todo lo que sea posible, pero seremos muy objetivos y lo informaremos con una gran veracidad y honestidad, si se puede o no se puede\u201d, a\u00f1adi\u00f3.<\/p>\n<p style=\"text-align: justify;\">En este panorama insisti\u00f3 en su llamado a seguir puntualmente las recomendaciones y acciones establecidas, adem\u00e1s de la importancia de quedarse en casa y cuidar a los adultos mayores.<\/p>\n<p style=\"text-align: justify;\">Hizo \u00e9nfasis en que se trata de una labor coordinada, en la que la participaci\u00f3n de la sociedad es indispensable para salir adelante, con acciones fundamentales como el uso del cubrebocas, la sana distancia, el lavado de manos y evitar las aglomeraciones.<\/p>\n<p style=\"text-align: justify;\">\u201cNo nos cansaremos de reiterar este planteamiento, tenemos que disminuir el contagio. En Guerrero no somos la excepci\u00f3n, no somos el estado en mayor crisis, pero somos un estado que est\u00e1 creciendo la presencia del contagio, la ocupaci\u00f3n en los hospitales y esto sin duda no es alentador, porque de lo contrario tendr\u00edamos que irnos preparando para pasar a etapas todav\u00eda m\u00e1s complejas en los pr\u00f3ximos d\u00edas\u201d, dijo.<\/p>\n<p style=\"text-align: justify;\">A trav\u00e9s de esta comunicaci\u00f3n el mandatario estatal expres\u00f3 su deseo, como guerrerense y gobernador, para el pronto restablecimiento de la salud del presidente de la Rep\u00fablica, Andr\u00e9s Manuel L\u00f3pez Obrador y que pueda estar al cien por ciento recuperado.<\/p>\n<p style=\"text-align: justify;\">Guerrero ha cumplido con m\u00e1s del 99% de la aplicaci\u00f3n de las vacunas enviadas por la Federaci\u00f3n: De la Pe\u00f1a Pintos<br \/>\nM\u00e1s del 99% de las vacunas enviadas por la Federaci\u00f3n para la primera y segunda fase, han sido aplicadas al personal m\u00e9dico de Guerrero que se encuentra en primera l\u00ednea de combate al Covid-19, as\u00ed lo inform\u00f3 el secretario de Salud, Carlos de la Pe\u00f1a Pintos, quien explic\u00f3 que todo el proceso se ha realizado de acuerdo a los protocolos establecidos y siguiendo el orden de las diferentes etapas, se garantiza la inoculaci\u00f3n a todo el personal del Sector Salud.<\/p>\n<p style=\"text-align: justify;\">\u201cQuiero decirles que no se deben preocupar nuestros compa\u00f1eros de la Secretar\u00eda de Salud y de todo el Sector de Salud institucional de que se aplicar\u00e1 la vacuna conforme nos vaya siendo proporcionada por la Federaci\u00f3n.<\/p>\n<p>Acompa\u00f1ado por el secretario de Finanzas y Administraci\u00f3n (Sefina), Tulio P\u00e9rez Calvo; el jefe de la Oficina del Gobernador, Alejandro Bravo Abarca y la directora de Comunicaci\u00f3n Social, Erika L\u00fchrs Cort\u00e9s, el titular de Salud inform\u00f3 que hay 29 mil 894 casos acumulados confirmados y 2 mil 963 defunciones; en las \u00faltimas 24 horas se registraron 125 casos. Refiri\u00f3 que se mantiene vigilancia constante de las diferentes regiones para tener registro de d\u00f3nde hay mayor circulaci\u00f3n del virus y reforzar las acciones que sean necesarias.<\/p>\n<p style=\"text-align: justify;\">En el rubro de hospitalizaci\u00f3n, inform\u00f3 que hay cierta estabilidad con 450 pacientes, de los cuales 76 se encuentran en estado cr\u00edtico; ante ello destac\u00f3 que el sistema de Salud, junto con las diferentes instancias, est\u00e1n preparados para cualquier reconversi\u00f3n adicional que se pudiera requerir. Mientras que en el tema de las defunciones, en tiempo real se reportaron 27 decesos en las \u00faltimas 24 horas, de las cuales 20 son casos de adultos mayores de m\u00e1s de 60 a\u00f1os. En lo que va del mes de enero, hay un promedio de 20.3 fallecimientos por d\u00eda.<\/p>\n<p style=\"text-align: justify;\">Hay un registro de 64% de ocupaci\u00f3n hospitalaria, por arriba de la media nacional, que es de 60 puntos porcentuales y en cuanto a la disponibilidad de ventiladores, hay una ocupaci\u00f3n del 38%, por debajo de la media nacional que es de 53%.<\/p>\n<p style=\"text-align: justify;\">En su intervenci\u00f3n P\u00e9rez Calvo record\u00f3 que en coordinaci\u00f3n con la Secretar\u00eda de la Defensa Nacional (Sedena) y la Secretar\u00eda de Marina, se mantienen en funcionamiento m\u00e1s de 65 filtros de accesos a playas y zonas de mayor concurrencia, as\u00ed como 50 m\u00f3dulos para que la gente pueda lavarse las manos. Pidi\u00f3 a la poblaci\u00f3n cuidar y mantener en buenas condiciones estos m\u00f3dulos, cuya finalidad es brindar un servicio a la sociedad, en funci\u00f3n de evitar la propagaci\u00f3n de los contagios.<\/p>\n<p style=\"text-align: justify;\">Para concluir, el jefe de la Oficina del Gobernador se refiri\u00f3 al seguimiento que se le da a estas acciones, que en coordinaci\u00f3n con las diferentes dependencias y los ayuntamientos, ha permitido orientar los esfuerzos hacia los puntos que m\u00e1s lo requieren. A la vez que exhort\u00f3 a los habitantes de los diferentes municipios a reforzar las acciones y extremar precauciones.<\/p>\n","protected":false},"excerpt":{"rendered":"<p>ACAPULCO. * 25 de enero de 2021. ] Gobierno de Guerrero. A trav\u00e9s de un videomensaje desde la Ciudad de M\u00e9xico, el gobernador del estado, H\u00e9ctor Astudillo Flores dijo que hay que seguir trabajando arduamente, de manera coordinada entre sociedad y gobierno, en el tema de la disminuci\u00f3n de los indicadores que tienen que ver&#8230;<\/p>\n","protected":false},"author":2,"featured_media":1219795,"comment_status":"closed","ping_status":"closed","sticky":false,"template":"","format":"standard","meta":{"footnotes":""},"categories":[18573,1983],"tags":[6705,9302,9705,12964,16421],"class_list":["post-1219808","post","type-post","status-publish","format-standard","has-post-thumbnail","hentry","category-goverment","category-guerrerogob","tag-covid19","tag-gobierno-de-guerrero","tag-hector-astudillo-flores","tag-mesa-de-coordinacion-para-la-construccion-de-la-paz","tag-semaforo-de-riesgo-covid19"],"_links":{"self":[{"href":"https:\/\/www.acapulcopress.com\/index.php\/wp-json\/wp\/v2\/posts\/1219808","targetHints":{"allow":["GET"]}}],"collection":[{"href":"https:\/\/www.acapulcopress.com\/index.php\/wp-json\/wp\/v2\/posts"}],"about":[{"href":"https:\/\/www.acapulcopress.com\/index.php\/wp-json\/wp\/v2\/types\/post"}],"author":[{"embeddable":true,"href":"https:\/\/www.acapulcopress.com\/index.php\/wp-json\/wp\/v2\/users\/2"}],"replies":[{"embeddable":true,"href":"https:\/\/www.acapulcopress.com\/index.php\/wp-json\/wp\/v2\/comments?post=1219808"}],"version-history":[{"count":0,"href":"https:\/\/www.acapulcopress.com\/index.php\/wp-json\/wp\/v2\/posts\/1219808\/revisions"}],"wp:featuredmedia":[{"embeddable":true,"href":"https:\/\/www.acapulcopress.com\/index.php\/wp-json\/"}],"wp:attachment":[{"href":"https:\/\/www.acapulcopress.com\/index.php\/wp-json\/wp\/v2\/media?parent=1219808"}],"wp:term":[{"taxonomy":"category","embeddable":true,"href":"https:\/\/www.acapulcopress.com\/index.php\/wp-json\/wp\/v2\/categories?post=1219808"},{"taxonomy":"post_tag","embeddable":true,"href":"https:\/\/www.acapulcopress.com\/index.php\/wp-json\/wp\/v2\/tags?post=1219808"}],"curies":[{"name":"wp","href":"https:\/\/api.w.org\/{rel}","templated":true}]}}