{"id":1219818,"date":"2021-01-25T19:43:59","date_gmt":"2021-01-26T01:43:59","guid":{"rendered":"https:\/\/www.acapulcopress.com\/?p=1219818"},"modified":"2021-01-25T19:43:59","modified_gmt":"2021-01-26T01:43:59","slug":"limpieza-y-desinfeccion-de-mercados-de-acapulco-registra-avance-del-80","status":"publish","type":"post","link":"https:\/\/www.acapulcopress.com\/index.php\/2021\/01\/25\/limpieza-y-desinfeccion-de-mercados-de-acapulco-registra-avance-del-80\/","title":{"rendered":"Limpieza y desinfecci\u00f3n de mercados de Acapulco registra avance del 80%"},"content":{"rendered":"<p style=\"text-align: justify;\">ACAPULCO. * 25 de enero de 2021.<br \/>\n<em>] Gobierno de Acapulco.<\/em><\/p>\n<p>La tercera etapa de limpieza y desinfecci\u00f3n que realiza la direcci\u00f3n de Mercados y Centros de Abasto en la ciudad, registra un avance del 80 por ciento, inform\u00f3 el titular de la dependencia, Bismarck Cayetano Bedolla Platero.<\/p>\n<p style=\"text-align: justify;\">Al realizar un recorrido en el mercado de La Garita, luego de repartir cubrebocas a los locatarios para prevenir contagios de COVID-19, el funcionario municipal explic\u00f3 que ante el incremento de contagios, se refuerzan brigadas de limpieza integral, as\u00ed como recorridos de concientizaci\u00f3n para promover el cuidado de la salud de las y los ciudadanos para que no relajen las medidas sanitarias.<\/p>\n<p style=\"text-align: justify;\">\u201cEstamos en sem\u00e1foro naranja, estamos en riesgo de pasar en sem\u00e1foro rojo y tenemos la tarea de seguir cumpliendo con las medidas sanitarias, por ello estamos visitando todos los mercados para concientizar, establecer el uso de cubrebocas, que todos los locales tengan su gel antibacterial, llevamos un 80 por ciento, m\u00e1s de 40 mercados\u201d, se\u00f1al\u00f3 Bedolla Platero.<\/p>\n<p style=\"text-align: justify;\">Dijo que la semana pasada se cerr\u00f3 el mercado de la colonia Progreso para el lavado y desinfecci\u00f3n de locales y, durante los pr\u00f3ximos d\u00edas, se desplegar\u00e1n operativos en los centros de abasto de las colonias Morelos, Bellavista y Emiliano Zapata.<\/p>\n","protected":false},"excerpt":{"rendered":"<p>ACAPULCO. * 25 de enero de 2021. ] Gobierno de Acapulco. La tercera etapa de limpieza y desinfecci\u00f3n que realiza la direcci\u00f3n de Mercados y Centros de Abasto en la ciudad, registra un avance del 80 por ciento, inform\u00f3 el titular de la dependencia, Bismarck Cayetano Bedolla Platero. Al realizar un recorrido en el mercado&#8230;<\/p>\n","protected":false},"author":2,"featured_media":1219819,"comment_status":"closed","ping_status":"closed","sticky":false,"template":"","format":"standard","meta":{"footnotes":""},"categories":[18573,1981],"tags":[4757,7354,9279],"class_list":["post-1219818","post","type-post","status-publish","format-standard","has-post-thumbnail","hentry","category-goverment","category-acapulco","tag-bismarck-cayetano-bedolla-platero","tag-direccion-de-mercados-y-centros-de-abasto-de-acapulco","tag-gobierno-de-acapulco"],"_links":{"self":[{"href":"https:\/\/www.acapulcopress.com\/index.php\/wp-json\/wp\/v2\/posts\/1219818","targetHints":{"allow":["GET"]}}],"collection":[{"href":"https:\/\/www.acapulcopress.com\/index.php\/wp-json\/wp\/v2\/posts"}],"about":[{"href":"https:\/\/www.acapulcopress.com\/index.php\/wp-json\/wp\/v2\/types\/post"}],"author":[{"embeddable":true,"href":"https:\/\/www.acapulcopress.com\/index.php\/wp-json\/wp\/v2\/users\/2"}],"replies":[{"embeddable":true,"href":"https:\/\/www.acapulcopress.com\/index.php\/wp-json\/wp\/v2\/comments?post=1219818"}],"version-history":[{"count":0,"href":"https:\/\/www.acapulcopress.com\/index.php\/wp-json\/wp\/v2\/posts\/1219818\/revisions"}],"wp:featuredmedia":[{"embeddable":true,"href":"https:\/\/www.acapulcopress.com\/index.php\/wp-json\/"}],"wp:attachment":[{"href":"https:\/\/www.acapulcopress.com\/index.php\/wp-json\/wp\/v2\/media?parent=1219818"}],"wp:term":[{"taxonomy":"category","embeddable":true,"href":"https:\/\/www.acapulcopress.com\/index.php\/wp-json\/wp\/v2\/categories?post=1219818"},{"taxonomy":"post_tag","embeddable":true,"href":"https:\/\/www.acapulcopress.com\/index.php\/wp-json\/wp\/v2\/tags?post=1219818"}],"curies":[{"name":"wp","href":"https:\/\/api.w.org\/{rel}","templated":true}]}}