{"id":1219824,"date":"2021-01-25T20:02:36","date_gmt":"2021-01-26T02:02:36","guid":{"rendered":"https:\/\/www.acapulcopress.com\/?p=1219824"},"modified":"2021-01-25T20:02:36","modified_gmt":"2021-01-26T02:02:36","slug":"aprueba-comision-de-prerrogativas-ine-registro-de-plataformas-electorales-de-partidos","status":"publish","type":"post","link":"https:\/\/www.acapulcopress.com\/index.php\/2021\/01\/25\/aprueba-comision-de-prerrogativas-ine-registro-de-plataformas-electorales-de-partidos\/","title":{"rendered":"Aprueba NE registro de plataformas electorales de partidos"},"content":{"rendered":"<p style=\"text-align: justify;\">CIUDAD DE M\u00c9XICO. * 25 de enero de 2021.<br \/>\n<em>] INE.<\/em><br \/>\nLa Comisi\u00f3n de Prerrogativas y Partidos Pol\u00edticos del Instituto Nacional Electoral (INE) aprob\u00f3 la solicitud de registro de las plataformas electorales que presentaron los 10 partidos pol\u00edticos nacionales que participan en el Proceso Electoral Federal 2020-2021.<\/p>\n<p style=\"text-align: justify;\">Los proyectos fueron aprobados por unanimidad de los integrantes de la Comisi\u00f3n, las consejeras Claudia Zavala, Adriana Favela y Dania Ravel, as\u00ed como por los consejeros Mart\u00edn Faz y Uuc-kib Espadas, para dar paso a la discusi\u00f3n y eventual aprobaci\u00f3n del Consejo General.<\/p>\n<p style=\"text-align: justify;\">Durante su pr\u00f3xima sesi\u00f3n, el Consejo General deber\u00e1 ratificar la constancia de registro de los documentos que contienen los principales planteamientos ideol\u00f3gicos y de gobierno que rigen las propuestas que presentar\u00e1n los partidos a trav\u00e9s de sus candidatos.<\/p>\n<p style=\"text-align: justify;\">El proyecto tambi\u00e9n prev\u00e9 eximir a los partidos de acompa\u00f1ar la constancia relativa a la inscripci\u00f3n de su plataforma electoral al momento de solicitar el registro de las f\u00f3rmulas de candidaturas a diputaciones federales, a fin de facilitarles el proceso.<\/p>\n<p style=\"text-align: justify;\">En la sesi\u00f3n extraordinaria, el Secretario T\u00e9cnico de la Comisi\u00f3n, Patricio Ballados, aclar\u00f3 que estas plataformas corresponden exclusivamente a los aspirantes a la C\u00e1mara de Diputados que postulen los partidos fuera de las coaliciones que conformaron.<\/p>\n<p style=\"text-align: justify;\">Explic\u00f3 que la procedencia de las solicitudes se desprende de un an\u00e1lisis en el que inicialmente se verific\u00f3 el cumplimiento del procedimiento estatutario que tienen previsto para la aprobaci\u00f3n de los documentos con los que buscar\u00e1n el voto sus candidatos.<\/p>\n<p style=\"text-align: justify;\">En segundo lugar, dijo, se certific\u00f3 la concordancia de la plataforma electoral presentada con la declaraci\u00f3n de principios y el programa de acci\u00f3n de cada uno conforme a sus postulados econ\u00f3micos, pol\u00edticos, sociales y de paridad de g\u00e9nero.<\/p>\n<p style=\"text-align: justify;\">\u201cDe la revisi\u00f3n realizada se desprende que todos los partidos pol\u00edticos cumplieron con el procedimiento estatutario establecido para la aprobaci\u00f3n de sus plataformas electorales y el contenido de cada una de ellas es congruente con lo se\u00f1alado en sus documentos b\u00e1sicos\u201d, concluy\u00f3.<\/p>\n","protected":false},"excerpt":{"rendered":"<p>CIUDAD DE M\u00c9XICO. * 25 de enero de 2021. ] INE. La Comisi\u00f3n de Prerrogativas y Partidos Pol\u00edticos del Instituto Nacional Electoral (INE) aprob\u00f3 la solicitud de registro de las plataformas electorales que presentaron los 10 partidos pol\u00edticos nacionales que participan en el Proceso Electoral Federal 2020-2021. Los proyectos fueron aprobados por unanimidad de los&#8230;<\/p>\n","protected":false},"author":2,"featured_media":1219825,"comment_status":"closed","ping_status":"closed","sticky":false,"template":"","format":"standard","meta":{"footnotes":""},"categories":[1969],"tags":[3300,5859,6121,6907,10337,14347],"class_list":["post-1219824","post","type-post","status-publish","format-standard","has-post-thumbnail","hentry","category-trending","tag-adriana-favela","tag-claudia-zavala","tag-comision-de-prerrogativas-y-partidos-politicos","tag-dania-ravel","tag-instituto-nacional-electoral-ine","tag-patricio-ballados"],"_links":{"self":[{"href":"https:\/\/www.acapulcopress.com\/index.php\/wp-json\/wp\/v2\/posts\/1219824","targetHints":{"allow":["GET"]}}],"collection":[{"href":"https:\/\/www.acapulcopress.com\/index.php\/wp-json\/wp\/v2\/posts"}],"about":[{"href":"https:\/\/www.acapulcopress.com\/index.php\/wp-json\/wp\/v2\/types\/post"}],"author":[{"embeddable":true,"href":"https:\/\/www.acapulcopress.com\/index.php\/wp-json\/wp\/v2\/users\/2"}],"replies":[{"embeddable":true,"href":"https:\/\/www.acapulcopress.com\/index.php\/wp-json\/wp\/v2\/comments?post=1219824"}],"version-history":[{"count":0,"href":"https:\/\/www.acapulcopress.com\/index.php\/wp-json\/wp\/v2\/posts\/1219824\/revisions"}],"wp:featuredmedia":[{"embeddable":true,"href":"https:\/\/www.acapulcopress.com\/index.php\/wp-json\/"}],"wp:attachment":[{"href":"https:\/\/www.acapulcopress.com\/index.php\/wp-json\/wp\/v2\/media?parent=1219824"}],"wp:term":[{"taxonomy":"category","embeddable":true,"href":"https:\/\/www.acapulcopress.com\/index.php\/wp-json\/wp\/v2\/categories?post=1219824"},{"taxonomy":"post_tag","embeddable":true,"href":"https:\/\/www.acapulcopress.com\/index.php\/wp-json\/wp\/v2\/tags?post=1219824"}],"curies":[{"name":"wp","href":"https:\/\/api.w.org\/{rel}","templated":true}]}}