{"id":1219832,"date":"2021-01-25T20:20:05","date_gmt":"2021-01-26T02:20:05","guid":{"rendered":"https:\/\/www.acapulcopress.com\/?p=1219832"},"modified":"2021-01-25T20:20:05","modified_gmt":"2021-01-26T02:20:05","slug":"niega-ine-a-morena-retirar-spot-cambios-de-mc","status":"publish","type":"post","link":"https:\/\/www.acapulcopress.com\/index.php\/2021\/01\/25\/niega-ine-a-morena-retirar-spot-cambios-de-mc\/","title":{"rendered":"Niega INE a Morena retirar spot \u201cCambios\u201d, de MC"},"content":{"rendered":"<p style=\"text-align: justify;\">CIUDAD DE M\u00c9XICO. * 25 de enero de 2021.<br \/>\n<em>] INE.<br \/>\n<\/em><br \/>\nLa Comisi\u00f3n de Quejas y Denuncias del Instituto Nacional Electoral (INE) declar\u00f3 improcedente la petici\u00f3n de medidas cautelares solicitada por Morena en contra del spot para radio y televisi\u00f3n titulado \u201cCAMBIOS\u201d que fue pautado por Movimiento Ciudadano para el periodo de precampa\u00f1a y que, a dicho del partido quejoso, constituye uso indebido de la pauta, propaganda calumniosa, denigraci\u00f3n a las instituciones y actos anticipados de campa\u00f1a.<\/p>\n<p style=\"text-align: justify;\">La Comisi\u00f3n determin\u00f3 que bajo la apariencia del buen derecho y de un an\u00e1lisis preliminar, as\u00ed como de los criterios que han sido fijados por la Sala Superior del Tribunal Electoral del Poder Judicial de la Federaci\u00f3n para materiales similares, el promocional corresponde a propaganda gen\u00e9rica cuya difusi\u00f3n puede realizarse durante la etapa de precampa\u00f1a electoral.<\/p>\n<p style=\"text-align: justify;\">Asimismo, no es posible advertir un posicionamiento objetivo, manifiesto e inequ\u00edvoco que solicite el apoyo a favor o en contra de una opci\u00f3n electoral que pueda constituir un acto anticipado de campa\u00f1a.<\/p>\n<p style=\"text-align: justify;\">En el mismo sentido, por cuanto a la calumnia, preliminarmente no se advierte de manera clara o evidente la imputaci\u00f3n de hechos o delitos falsos con impacto en la contienda, sino la cr\u00edtica y postura de Movimiento Ciudadano respecto de temas de inter\u00e9s general.<\/p>\n<p style=\"text-align: justify;\">Por \u00faltimo, respecto a la denigraci\u00f3n, la queja fue desechada pues no constituye una violaci\u00f3n en la materia desde la reforma electoral de 2014.<\/p>\n<p style=\"text-align: justify;\">El proyecto fue aprobado por unanimidad de votos de las Consejeras Adriana Favela y Claudia Zavala, as\u00ed como del Consejero Ciro Murayama, presidente de la Comisi\u00f3n de Quejas y Denuncias.<\/p>\n<p><iframe loading=\"lazy\" title=\"Spot Movimiento Ciudadano  T\u00edtulo: Cambios\" width=\"1160\" height=\"653\" src=\"https:\/\/www.youtube.com\/embed\/mqHl58DKbdY?feature=oembed\" frameborder=\"0\" allow=\"accelerometer; autoplay; clipboard-write; encrypted-media; gyroscope; picture-in-picture; web-share\" referrerpolicy=\"strict-origin-when-cross-origin\" allowfullscreen><\/iframe><\/p>\n","protected":false},"excerpt":{"rendered":"<p>CIUDAD DE M\u00c9XICO. * 25 de enero de 2021. ] INE. La Comisi\u00f3n de Quejas y Denuncias del Instituto Nacional Electoral (INE) declar\u00f3 improcedente la petici\u00f3n de medidas cautelares solicitada por Morena en contra del spot para radio y televisi\u00f3n titulado \u201cCAMBIOS\u201d que fue pautado por Movimiento Ciudadano para el periodo de precampa\u00f1a y que,&#8230;<\/p>\n","protected":false},"author":2,"featured_media":1219834,"comment_status":"closed","ping_status":"closed","sticky":false,"template":"","format":"video","meta":{"footnotes":""},"categories":[1969],"tags":[6126,10337,13334,16836],"class_list":["post-1219832","post","type-post","status-publish","format-video","has-post-thumbnail","hentry","category-trending","tag-comision-de-quejas-y-denuncias","tag-instituto-nacional-electoral-ine","tag-movimiento-ciudadano-mc","tag-spot-cambios","post_format-post-format-video"],"_links":{"self":[{"href":"https:\/\/www.acapulcopress.com\/index.php\/wp-json\/wp\/v2\/posts\/1219832","targetHints":{"allow":["GET"]}}],"collection":[{"href":"https:\/\/www.acapulcopress.com\/index.php\/wp-json\/wp\/v2\/posts"}],"about":[{"href":"https:\/\/www.acapulcopress.com\/index.php\/wp-json\/wp\/v2\/types\/post"}],"author":[{"embeddable":true,"href":"https:\/\/www.acapulcopress.com\/index.php\/wp-json\/wp\/v2\/users\/2"}],"replies":[{"embeddable":true,"href":"https:\/\/www.acapulcopress.com\/index.php\/wp-json\/wp\/v2\/comments?post=1219832"}],"version-history":[{"count":0,"href":"https:\/\/www.acapulcopress.com\/index.php\/wp-json\/wp\/v2\/posts\/1219832\/revisions"}],"wp:featuredmedia":[{"embeddable":true,"href":"https:\/\/www.acapulcopress.com\/index.php\/wp-json\/"}],"wp:attachment":[{"href":"https:\/\/www.acapulcopress.com\/index.php\/wp-json\/wp\/v2\/media?parent=1219832"}],"wp:term":[{"taxonomy":"category","embeddable":true,"href":"https:\/\/www.acapulcopress.com\/index.php\/wp-json\/wp\/v2\/categories?post=1219832"},{"taxonomy":"post_tag","embeddable":true,"href":"https:\/\/www.acapulcopress.com\/index.php\/wp-json\/wp\/v2\/tags?post=1219832"}],"curies":[{"name":"wp","href":"https:\/\/api.w.org\/{rel}","templated":true}]}}