{"id":1219848,"date":"2021-01-25T21:16:15","date_gmt":"2021-01-26T03:16:15","guid":{"rendered":"https:\/\/www.acapulcopress.com\/?p=1219848"},"modified":"2021-01-25T21:16:15","modified_gmt":"2021-01-26T03:16:15","slug":"se-compromete-mario-moreno-a-respetar-y-defender-a-mujeres-de-guerrero","status":"publish","type":"post","link":"https:\/\/www.acapulcopress.com\/index.php\/2021\/01\/25\/se-compromete-mario-moreno-a-respetar-y-defender-a-mujeres-de-guerrero\/","title":{"rendered":"Se compromete Mario Moreno a respetar y defender a mujeres de Guerrero"},"content":{"rendered":"<p style=\"text-align: justify;\">CHILPANCINGO. * 25 de enero de 2021.<br \/>\n] Especial.<\/p>\n<p style=\"text-align: justify;\">El presidente de la Conferencia de Honor del Partido Revolucionario Institucional (PRI), Mario Moreno Arcos, ratific\u00f3 su respeto y defensa a las mujeres de Guerrero, por lo que, agreg\u00f3, \u00abdebemos buscar mecanismos jur\u00eddicos y morales que ampl\u00eden sus derechos\u00bb.<\/p>\n<p style=\"text-align: justify;\">En el marco del \u00abD\u00eda Naranja\u00bb que se origin\u00f3 a trav\u00e9s de la campa\u00f1a \u00ab\u00daNETE\u00bb dedicado a crear conciencia sobre la violencia contra las mujeres, los d\u00edas 25 de cada mes, Moreno Arcos asegur\u00f3 que es momento de trabajar y actuar de manera m\u00e1s contundente para prevenir y combatir la violencia contra las mujeres y ni\u00f1as.<\/p>\n<p style=\"text-align: justify;\">\u00abEl respeto por ellas y mi reconocimiento a su talento y valor en la sociedad lo he predicado con el ejemplo, tengo la firme convicci\u00f3n de que todas merecen una vida libre de violencia, mayor equidad y posibilidades igualitarias de desarrollo\u00bb, afirm\u00f3.<\/p>\n<p style=\"text-align: justify;\">Indic\u00f3 que para empoderarlas de manera tangible y efectiva, \u00abes necesario hacerlo mediante acciones concretas de emprendimiento empresarial, mayores ofertas educativas y desde luego de acceso a una justicia pronta y expedita\u00bb.<\/p>\n<p style=\"text-align: justify;\">En ese sentido, Moreno Arcos consider\u00f3 que los cuerpos de seguridad p\u00fablica, tanto del gobierno estatal como de los municipios, deben recibir capacitaci\u00f3n y profesionalizaci\u00f3n para brindar seguridad con perspectiva de g\u00e9nero.<\/p>\n<p style=\"text-align: justify;\">Cabe mencionar que el Consejo General del Instituto Electoral y de Participaci\u00f3n Ciudadana (IEPC), dirigentes de partidos pol\u00edticos y autoridades del gobierno de Guerrero acaban de firmar recientemente el Pacto Estatal por los Derechos Pol\u00edticos Electorales de las Mujeres Guerrerenses Libres de Violencia y Discriminaci\u00f3n.<\/p>\n<p style=\"text-align: justify;\">Por ello, Moreno Arcos reconoci\u00f3 la lucha que desde hace d\u00e9cadas han emprendido las mujeres en defensa de sus derechos pol\u00edticos, igualdad y equidad de g\u00e9nero, reflejada en m\u00e1s y mejores oportunidades de participaci\u00f3n en los espacios de decisi\u00f3n.<\/p>\n<p style=\"text-align: justify;\">Sin embargo, consider\u00f3 que es necesario ampliar sus derechos y garantizarles el acceso a la justicia ante actos de discriminaci\u00f3n o violencia en cualquiera de sus modalidades y asegur\u00f3 que ser\u00e1 un defensor permanente de la lucha de las mujeres as\u00ed como un promotor permanente de acciones concretas, orientadas todas a ampliar sus oportunidades de crecimiento integral \u00abque se ver\u00e1n reflejadas en una mejor estructura familiar y social\u00bb, finaliz\u00f3.<\/p>\n","protected":false},"excerpt":{"rendered":"<p>CHILPANCINGO. * 25 de enero de 2021. ] Especial. El presidente de la Conferencia de Honor del Partido Revolucionario Institucional (PRI), Mario Moreno Arcos, ratific\u00f3 su respeto y defensa a las mujeres de Guerrero, por lo que, agreg\u00f3, \u00abdebemos buscar mecanismos jur\u00eddicos y morales que ampl\u00eden sus derechos\u00bb. En el marco del \u00abD\u00eda Naranja\u00bb que&#8230;<\/p>\n","protected":false},"author":2,"featured_media":1219849,"comment_status":"closed","ping_status":"closed","sticky":false,"template":"","format":"standard","meta":{"footnotes":""},"categories":[2024,18561],"tags":[7255,9302,12685,14914],"class_list":["post-1219848","post","type-post","status-publish","format-standard","has-post-thumbnail","hentry","category-politica-activism","category-society-politics","tag-dia-naranja","tag-gobierno-de-guerrero","tag-mario-moreno-arcos","tag-pri"],"_links":{"self":[{"href":"https:\/\/www.acapulcopress.com\/index.php\/wp-json\/wp\/v2\/posts\/1219848","targetHints":{"allow":["GET"]}}],"collection":[{"href":"https:\/\/www.acapulcopress.com\/index.php\/wp-json\/wp\/v2\/posts"}],"about":[{"href":"https:\/\/www.acapulcopress.com\/index.php\/wp-json\/wp\/v2\/types\/post"}],"author":[{"embeddable":true,"href":"https:\/\/www.acapulcopress.com\/index.php\/wp-json\/wp\/v2\/users\/2"}],"replies":[{"embeddable":true,"href":"https:\/\/www.acapulcopress.com\/index.php\/wp-json\/wp\/v2\/comments?post=1219848"}],"version-history":[{"count":0,"href":"https:\/\/www.acapulcopress.com\/index.php\/wp-json\/wp\/v2\/posts\/1219848\/revisions"}],"wp:featuredmedia":[{"embeddable":true,"href":"https:\/\/www.acapulcopress.com\/index.php\/wp-json\/"}],"wp:attachment":[{"href":"https:\/\/www.acapulcopress.com\/index.php\/wp-json\/wp\/v2\/media?parent=1219848"}],"wp:term":[{"taxonomy":"category","embeddable":true,"href":"https:\/\/www.acapulcopress.com\/index.php\/wp-json\/wp\/v2\/categories?post=1219848"},{"taxonomy":"post_tag","embeddable":true,"href":"https:\/\/www.acapulcopress.com\/index.php\/wp-json\/wp\/v2\/tags?post=1219848"}],"curies":[{"name":"wp","href":"https:\/\/api.w.org\/{rel}","templated":true}]}}