{"id":1219854,"date":"2021-01-25T21:29:11","date_gmt":"2021-01-26T03:29:11","guid":{"rendered":"https:\/\/www.acapulcopress.com\/?p=1219854"},"modified":"2021-01-25T21:29:11","modified_gmt":"2021-01-26T03:29:11","slug":"sera-mujer-candidata-del-pan-al-gobierno-de-guerrero-anuncia-marko-cortes","status":"publish","type":"post","link":"https:\/\/www.acapulcopress.com\/index.php\/2021\/01\/25\/sera-mujer-candidata-del-pan-al-gobierno-de-guerrero-anuncia-marko-cortes\/","title":{"rendered":"Ser\u00e1 para \u00abmujer\u00bb candidatura del PAN al Gobierno de Guerrero, anuncia Marko Cort\u00e9s"},"content":{"rendered":"<p style=\"text-align: justify;\">CIUDAD DE M\u00c9XICO. * 25 de enero de 2021.<br \/>\n<em>] Especial.<\/em><\/p>\n<p style=\"text-align: justify;\">Los estados donde Acci\u00f3n Nacional tendr\u00e1 candidatas a gobernadoras son Chihuahua, Tlaxcala, Colima, Guerrero, Baja California, Zacatecas y Nayarit, en atenci\u00f3n a la resoluci\u00f3n del Instituto Nacional Electoral, pero sobre todo por la convicci\u00f3n que nos une a los panistas de salvaguardar el principio de igualdad entre hombres y mujeres.<\/p>\n<p style=\"text-align: justify;\">El Presidente Nacional del PAN, Marko Cort\u00e9s Mendoza, destac\u00f3 que el objetivo en la pr\u00f3xima contienda electoral ser\u00e1 frenar el avance destructivo de Morena.<\/p>\n<p style=\"text-align: justify;\">Expuso que Acci\u00f3n Nacional apoyar\u00e1 con todo, las candidaturas de las siete mujeres postuladas, tanto por el partido como en coalici\u00f3n, y estar\u00e1 atento para que no se cometa ning\u00fan acto de violencia pol\u00edtica de g\u00e9nero contra ninguna de ellas o de las abanderadas en diputaciones locales, federales, alcald\u00edas, sindicaturas o regidur\u00edas.<\/p>\n<p style=\"text-align: justify;\">En el caso de Chihuahua, Mar\u00eda Eugenia Campos Galv\u00e1n ayer fue electa candidata en una contienda sin precedentes, donde particip\u00f3 el 86% de la militancia. De esta manera, la intenci\u00f3n es refrendar el gobierno del estado para Acci\u00f3n Nacional.<\/p>\n<p style=\"text-align: justify;\">En Tlaxcala, fue designada Anabell \u00c1valos Zempoalteca, tras una encuesta realizada entre los partidos de la coalici\u00f3n \u201cUnidos por Tlaxcala\u201d.<\/p>\n<p style=\"text-align: justify;\">En Colima, esta semana se dar\u00e1 a conocer el nombre de la mujer que encabezar\u00e1 la coalici\u00f3n \u201cS\u00ed por Colima\u201d.<\/p>\n<p style=\"text-align: justify;\">En Guerrero est\u00e1 por definirse, al igual que en Baja California y Nayarit. En el caso de Zacatecas, la candidata de la coalici\u00f3n \u201cVa por Zacatecas\u201d ser\u00e1 Claudia Anaya.<\/p>\n<p style=\"text-align: justify;\">Es as\u00ed como en algunos estados se tendr\u00e1 por primera vez una candidata a gobernadora, por lo cual se trata de cerrar la brecha que durante a\u00f1os ha estado abierta y se le ha impedido el paso de una u otra manera a las mujeres de llegar a ser abanderadas.<\/p>\n<p style=\"text-align: justify;\">Como Presidente del PAN, dijo Marko Cort\u00e9s, me siento muy orgulloso de que se hayan dado pasos enormes en materia de igualdad de g\u00e9nero, porque hoy m\u00e1s que nunca se necesitan de estas leyes para frenar el machismo en M\u00e9xico que ha provocado un atraso may\u00fasculo en la sociedad mexicana.<\/p>\n<p style=\"text-align: justify;\">Es indispensable este tipo de reglas en una democracia que se mejora d\u00eda con d\u00eda, equilibrar los espacios entre hombres y mujeres es parte de la labor que debe llevar a cabo un partido pol\u00edtico, y por eso Acci\u00f3n Nacional siempre permanece a la vanguardia en este sentido, concluy\u00f3.<\/p>\n","protected":false},"excerpt":{"rendered":"<p>CIUDAD DE M\u00c9XICO. * 25 de enero de 2021. ] Especial. Los estados donde Acci\u00f3n Nacional tendr\u00e1 candidatas a gobernadoras son Chihuahua, Tlaxcala, Colima, Guerrero, Baja California, Zacatecas y Nayarit, en atenci\u00f3n a la resoluci\u00f3n del Instituto Nacional Electoral, pero sobre todo por la convicci\u00f3n que nos une a los panistas de salvaguardar el principio&#8230;<\/p>\n","protected":false},"author":2,"featured_media":1219855,"comment_status":"closed","ping_status":"closed","sticky":false,"template":"","format":"standard","meta":{"footnotes":""},"categories":[1969],"tags":[9302,14269],"class_list":["post-1219854","post","type-post","status-publish","format-standard","has-post-thumbnail","hentry","category-trending","tag-gobierno-de-guerrero","tag-partido-accion-nacional-pan"],"_links":{"self":[{"href":"https:\/\/www.acapulcopress.com\/index.php\/wp-json\/wp\/v2\/posts\/1219854","targetHints":{"allow":["GET"]}}],"collection":[{"href":"https:\/\/www.acapulcopress.com\/index.php\/wp-json\/wp\/v2\/posts"}],"about":[{"href":"https:\/\/www.acapulcopress.com\/index.php\/wp-json\/wp\/v2\/types\/post"}],"author":[{"embeddable":true,"href":"https:\/\/www.acapulcopress.com\/index.php\/wp-json\/wp\/v2\/users\/2"}],"replies":[{"embeddable":true,"href":"https:\/\/www.acapulcopress.com\/index.php\/wp-json\/wp\/v2\/comments?post=1219854"}],"version-history":[{"count":0,"href":"https:\/\/www.acapulcopress.com\/index.php\/wp-json\/wp\/v2\/posts\/1219854\/revisions"}],"wp:featuredmedia":[{"embeddable":true,"href":"https:\/\/www.acapulcopress.com\/index.php\/wp-json\/"}],"wp:attachment":[{"href":"https:\/\/www.acapulcopress.com\/index.php\/wp-json\/wp\/v2\/media?parent=1219854"}],"wp:term":[{"taxonomy":"category","embeddable":true,"href":"https:\/\/www.acapulcopress.com\/index.php\/wp-json\/wp\/v2\/categories?post=1219854"},{"taxonomy":"post_tag","embeddable":true,"href":"https:\/\/www.acapulcopress.com\/index.php\/wp-json\/wp\/v2\/tags?post=1219854"}],"curies":[{"name":"wp","href":"https:\/\/api.w.org\/{rel}","templated":true}]}}