{"id":1219872,"date":"2021-01-25T10:58:37","date_gmt":"2021-01-25T16:58:37","guid":{"rendered":"https:\/\/www.acapulcopress.com\/?p=1219872"},"modified":"2021-01-25T10:58:37","modified_gmt":"2021-01-25T16:58:37","slug":"javier-saldana-rector-de-uagro-desea-pronta-recuperacion-al-presidente","status":"publish","type":"post","link":"https:\/\/www.acapulcopress.com\/index.php\/2021\/01\/25\/javier-saldana-rector-de-uagro-desea-pronta-recuperacion-al-presidente\/","title":{"rendered":"Javier Salda\u00f1a, Rector de UAGro, desea pronta recuperaci\u00f3n al Presidente"},"content":{"rendered":"<p>CHILPANCINGO. * 25 de enero de 2021.<br \/>\n<img loading=\"lazy\" decoding=\"async\" class=\"alignleft size-medium wp-image-1219874\" src=\"https:\/\/www.acapulco.press\/wp-content\/uploads\/2021\/01\/JAVIER-SALDANA-375x377.jpg\" alt=\"\" width=\"375\" height=\"377\" \/>] UAGro.<\/p>\n<p style=\"text-align: justify;\">Desde la <em>UAGro<\/em> Universidad Aut\u00f3noma de Guerrero, el Rector Javier Salda\u00f1a Almaz\u00e1n, le dese\u00f3 pronta y completa recuperaci\u00f3n al Presidente Andr\u00e9s Manuel L\u00f3pez Obrador.<\/p>\n<p style=\"text-align: justify;\">\u00abSabemos que su pasi\u00f3n y compromiso por seguir impulsando el desarrollo de nuestro pa\u00eds le ser\u00e1n de gran motivaci\u00f3n para salir adelante de esta enfermedad\u00bb, expres\u00f3 el Rector.<\/p>\n","protected":false},"excerpt":{"rendered":"<p>CHILPANCINGO. * 25 de enero de 2021. ] UAGro. Desde la UAGro Universidad Aut\u00f3noma de Guerrero, el Rector Javier Salda\u00f1a Almaz\u00e1n, le dese\u00f3 pronta y completa recuperaci\u00f3n al Presidente Andr\u00e9s Manuel L\u00f3pez Obrador. \u00abSabemos que su pasi\u00f3n y compromiso por seguir impulsando el desarrollo de nuestro pa\u00eds le ser\u00e1n de gran motivaci\u00f3n para salir adelante&#8230;<\/p>\n","protected":false},"author":2,"featured_media":1219873,"comment_status":"closed","ping_status":"closed","sticky":false,"template":"","format":"standard","meta":{"footnotes":""},"categories":[18561,2016],"tags":[3896,6705,7467,9310,17463],"class_list":["post-1219872","post","type-post","status-publish","format-standard","has-post-thumbnail","hentry","category-society-politics","category-uagro-society-politics","tag-andres-manuel-lopez-obrador","tag-covid19","tag-dr-javier-saldana-almazan","tag-gobierno-de-mexico","tag-uagro"],"_links":{"self":[{"href":"https:\/\/www.acapulcopress.com\/index.php\/wp-json\/wp\/v2\/posts\/1219872","targetHints":{"allow":["GET"]}}],"collection":[{"href":"https:\/\/www.acapulcopress.com\/index.php\/wp-json\/wp\/v2\/posts"}],"about":[{"href":"https:\/\/www.acapulcopress.com\/index.php\/wp-json\/wp\/v2\/types\/post"}],"author":[{"embeddable":true,"href":"https:\/\/www.acapulcopress.com\/index.php\/wp-json\/wp\/v2\/users\/2"}],"replies":[{"embeddable":true,"href":"https:\/\/www.acapulcopress.com\/index.php\/wp-json\/wp\/v2\/comments?post=1219872"}],"version-history":[{"count":0,"href":"https:\/\/www.acapulcopress.com\/index.php\/wp-json\/wp\/v2\/posts\/1219872\/revisions"}],"wp:featuredmedia":[{"embeddable":true,"href":"https:\/\/www.acapulcopress.com\/index.php\/wp-json\/"}],"wp:attachment":[{"href":"https:\/\/www.acapulcopress.com\/index.php\/wp-json\/wp\/v2\/media?parent=1219872"}],"wp:term":[{"taxonomy":"category","embeddable":true,"href":"https:\/\/www.acapulcopress.com\/index.php\/wp-json\/wp\/v2\/categories?post=1219872"},{"taxonomy":"post_tag","embeddable":true,"href":"https:\/\/www.acapulcopress.com\/index.php\/wp-json\/wp\/v2\/tags?post=1219872"}],"curies":[{"name":"wp","href":"https:\/\/api.w.org\/{rel}","templated":true}]}}