{"id":1219903,"date":"2021-01-26T17:32:14","date_gmt":"2021-01-26T23:32:14","guid":{"rendered":"https:\/\/www.acapulcopress.com\/?p=1219903"},"modified":"2021-01-26T17:32:14","modified_gmt":"2021-01-26T23:32:14","slug":"paquita-la-del-barrio-se-registra-como-diputada-local-en-misantla-veracruz","status":"publish","type":"post","link":"https:\/\/www.acapulcopress.com\/index.php\/2021\/01\/26\/paquita-la-del-barrio-se-registra-como-diputada-local-en-misantla-veracruz\/","title":{"rendered":"Paquita la del Barrio se registra como diputada local en Misantla, Veracruz"},"content":{"rendered":"<p style=\"text-align: justify;\">MISANTLA, Veracruz. * 26 de enero de 2021.<br \/>\n<em>] ADN40.<\/em><br \/>\nFrancisca Viveros Barradas, conocida como \u201cPaquita la del Barrio\u201d, se registr\u00f3 como precandidata del Partido Movimiento Ciudadano (MC) a una diputaci\u00f3n en Misantla, en Veracruz.<\/p>\n<p style=\"text-align: justify;\">La cantante originaria de Alto Lucero, Veracruz, afirm\u00f3 que acept\u00f3 registrarse por amor a la gente y a su tierra. \u201cLo que prevalece en la vida es el amor y eso es lo que yo tengo para m\u00ed tierra, para Veracruz y para mi pueblo. Amo a mi gente\u201d, manifest\u00f3.<\/p>\n<p style=\"text-align: justify;\">Entre l\u00e1grimas pidi\u00f3 que no se le juzgue por buscar su aspiraci\u00f3n pol\u00edtica y de manera honesta reconoci\u00f3 que no sabe a qu\u00e9 se va a enfrentar, (pero) destac\u00f3 que habr\u00e1 personas atr\u00e1s para ayudarla.<\/p>\n<p style=\"text-align: justify;\">\u201cNo s\u00e9 a qu\u00e9 vengo aqu\u00ed, yo s\u00f3lo s\u00e9 que hay personas atr\u00e1s de m\u00ed que son las que me van a ense\u00f1ar a manejar este asunto\u201d, agreg\u00f3.<\/p>\n<p style=\"text-align: justify;\">Luego de sus palabras, \u201cPaquita la del Barrio\u201d tom\u00f3 el micr\u00f3fono y cant\u00f3 algunos de sus \u00e9xitos como \u201cRata de dos patas\u201d, \u201cSin fortuna\u201d y \u201cTres veces te enga\u00f1e\u201d, en agradecimiento a los comunicadores.<\/p>\n<p><code><\/code><\/p>\n<blockquote class=\"twitter-tweet\">\n<p dir=\"ltr\" lang=\"es\">Estamos muy contentos de que <a href=\"https:\/\/twitter.com\/paquitaoficialb?ref_src=twsrc%5Etfw\">@paquitaoficialb<\/a> haya aceptado la precandidatura a la Diputaci\u00f3n Local por el Distrito 8 de Misantla. Sabemos que junto a las y los veracruzanos construiremos la mejor alternativa de futuro para recuperar la grandeza de <a href=\"https:\/\/twitter.com\/hashtag\/Veracruz?src=hash&amp;ref_src=twsrc%5Etfw\">#Veracruz<\/a><a href=\"https:\/\/twitter.com\/hashtag\/PaquitaEnMovimiento?src=hash&amp;ref_src=twsrc%5Etfw\">#PaquitaEnMovimiento<\/a> <a href=\"https:\/\/t.co\/S6tHrMx3GJ\">pic.twitter.com\/S6tHrMx3GJ<\/a><\/p>\n<p>\u2014 Movimiento Ciudadano Veracruz | Movimiento Naranja (@MovCiudadanoVer) <a href=\"https:\/\/twitter.com\/MovCiudadanoVer\/status\/1353923683283214336?ref_src=twsrc%5Etfw\">January 26, 2021<\/a><\/p><\/blockquote>\n<p><script async src=\"https:\/\/platform.twitter.com\/widgets.js\" charset=\"utf-8\"><\/script><\/p>\n<p><strong>&#8216;KIKO&#8217; EN BUSCA DE GUBERNATURA DE QUER\u00c9TARO<\/strong><\/p>\n<p style=\"text-align: justify;\"><img loading=\"lazy\" decoding=\"async\" class=\"alignleft size-medium wp-image-1219906\" src=\"https:\/\/www.acapulco.press\/wp-content\/uploads\/2021\/01\/Kiko-375x211.jpg\" alt=\"\" width=\"375\" height=\"211\" \/>El pasado 10 de enero, Carlos Villagr\u00e1n Eslava, conocido por su personaje de \u201cKiko\u201d en el programa \u2018El chavo del ocho\u2019, hizo p\u00fablica su aspiraci\u00f3n como precandidato a la gubernatura y la alcald\u00eda de la capital del estado de Quer\u00e9taro.<\/p>\n<p style=\"text-align: justify;\">El actor de 76 a\u00f1os se postul\u00f3 por el Partido Quer\u00e9taro Independiente, que determinar\u00e1, el pr\u00f3ximo 8 de febrero, cu\u00e1l de dichos registros proceder\u00e1.<\/p>\n<p style=\"text-align: justify;\">Carlos Villagr\u00e1n indic\u00f3 que buscar\u00e1 atender todas las necesidades que aquejan a los ciudadanos, como pobreza e inseguridad. Asimismo, su hijo Gustavo Villagr\u00e1n Rivera tambi\u00e9n se registr\u00f3 como aspirante al distrito 13 local.<\/p>\n","protected":false},"excerpt":{"rendered":"<p>MISANTLA, Veracruz. * 26 de enero de 2021. ] ADN40. Francisca Viveros Barradas, conocida como \u201cPaquita la del Barrio\u201d, se registr\u00f3 como precandidata del Partido Movimiento Ciudadano (MC) a una diputaci\u00f3n en Misantla, en Veracruz. La cantante originaria de Alto Lucero, Veracruz, afirm\u00f3 que acept\u00f3 registrarse por amor a la gente y a su tierra&#8230;.<\/p>\n","protected":false},"author":2,"featured_media":1219905,"comment_status":"closed","ping_status":"closed","sticky":false,"template":"","format":"standard","meta":{"footnotes":""},"categories":[2054,18563,1972,1988],"tags":[2497,2510,2536,5246,8848,9617,13333,14225,14300],"class_list":["post-1219903","post","type-post","status-publish","format-standard","has-post-thumbnail","hentry","category-entertainment","category-entretenimiento","category-special","category-lifestyles","tag-rata-de-dos-patas","tag-sin-fortuna","tag-tres-veces-te-engane","tag-carlos-villagran-eslava","tag-francisca-viveros-barradas","tag-gustavo-villagran-rivera","tag-movimiento-ciudadano","tag-paquita-la-del-barrio","tag-partido-queretaro-independiente"],"_links":{"self":[{"href":"https:\/\/www.acapulcopress.com\/index.php\/wp-json\/wp\/v2\/posts\/1219903","targetHints":{"allow":["GET"]}}],"collection":[{"href":"https:\/\/www.acapulcopress.com\/index.php\/wp-json\/wp\/v2\/posts"}],"about":[{"href":"https:\/\/www.acapulcopress.com\/index.php\/wp-json\/wp\/v2\/types\/post"}],"author":[{"embeddable":true,"href":"https:\/\/www.acapulcopress.com\/index.php\/wp-json\/wp\/v2\/users\/2"}],"replies":[{"embeddable":true,"href":"https:\/\/www.acapulcopress.com\/index.php\/wp-json\/wp\/v2\/comments?post=1219903"}],"version-history":[{"count":0,"href":"https:\/\/www.acapulcopress.com\/index.php\/wp-json\/wp\/v2\/posts\/1219903\/revisions"}],"wp:featuredmedia":[{"embeddable":true,"href":"https:\/\/www.acapulcopress.com\/index.php\/wp-json\/"}],"wp:attachment":[{"href":"https:\/\/www.acapulcopress.com\/index.php\/wp-json\/wp\/v2\/media?parent=1219903"}],"wp:term":[{"taxonomy":"category","embeddable":true,"href":"https:\/\/www.acapulcopress.com\/index.php\/wp-json\/wp\/v2\/categories?post=1219903"},{"taxonomy":"post_tag","embeddable":true,"href":"https:\/\/www.acapulcopress.com\/index.php\/wp-json\/wp\/v2\/tags?post=1219903"}],"curies":[{"name":"wp","href":"https:\/\/api.w.org\/{rel}","templated":true}]}}