{"id":1219913,"date":"2021-01-26T18:43:15","date_gmt":"2021-01-27T00:43:15","guid":{"rendered":"https:\/\/www.acapulcopress.com\/?p=1219913"},"modified":"2021-01-26T18:43:15","modified_gmt":"2021-01-27T00:43:15","slug":"hay-en-guerrero-una-alianza-pri-prd-unida-y-fortalecida-esteban-albarran","status":"publish","type":"post","link":"https:\/\/www.acapulcopress.com\/index.php\/2021\/01\/26\/hay-en-guerrero-una-alianza-pri-prd-unida-y-fortalecida-esteban-albarran\/","title":{"rendered":"Hay en Guerrero una alianza PRI\/PRD unida y fortalecida | Esteban Albarr\u00e1n"},"content":{"rendered":"<div class=\"kvgmc6g5 cxmmr5t8 oygrvhab hcukyx3x c1et5uql ii04i59q\">\n<div dir=\"auto\" style=\"text-align: justify;\">ZOOM. * 26 de enero de 2021.<br \/>\n<em>] Acapulco Press.<br \/>\n<\/em><br \/>\nEl Presidente del PRI en Guerrero, Esteban Albarr\u00e1n Hern\u00e1ndez, precis\u00f3 que el objetivo del partido en la presente contienda electoral es participar con idea, propuestas y juegos limpio, descartando con ello agandalles y divisionismos en la toma de dicisiones de candidatos en la coalici\u00f3n que integra con el PRD.<\/p>\n<\/div>\n<\/div>\n<div class=\"o9v6fnle cxmmr5t8 oygrvhab hcukyx3x c1et5uql ii04i59q\" style=\"text-align: justify;\">\n<div dir=\"auto\">Al hablar sin temor del distanciamiento observado de parte del senador Manuel A\u00f1orve, tras perder la nominaci\u00f3n como precandidato al gobierno de Guerrero, Albarr\u00e1n precis\u00f3 que, al respecto, no hay rompimiento con el grupo a\u00f1orvista. M\u00e1s bien, hay di\u00e1logoy acercamiento con A\u00f1orve Ba\u00f1os y se espera que de un momento a otro se sume al proyecto de unidad del partido a fin de afianzar el objetivo de asegurar la gubernatura y vencer a Morena el pr\u00f3ximo 6 de junio.<\/p>\n<p>El dirigente partidista agreg\u00f3 que el PRI busca ganar la mayor\u00eda de espacios de representaci\u00f3n popular para darle m\u00e1s estabilidad y gobernabilidad al estado, por lo que la coalici\u00f3n PRI\/PRD enviar\u00e1n a los mejores cuadros, algunos con experiencia y otros j\u00f3venes, especialmente a aquellos que tengan una mejor medici\u00f3n electoral.<\/p><\/div>\n<\/div>\n<div class=\"o9v6fnle cxmmr5t8 oygrvhab hcukyx3x c1et5uql ii04i59q\" style=\"text-align: justify;\">\n<div dir=\"auto\"><\/div>\n<\/div>\n<div class=\"o9v6fnle cxmmr5t8 oygrvhab hcukyx3x c1et5uql ii04i59q\" style=\"text-align: justify;\">\n<div dir=\"auto\">Respecto a las mujeres, Esteban Albarr\u00e1n enfatiz\u00f3 que el PRI siempre ha sido respetuoso de los derechos de las mujeres y la no violencia pol\u00edtica a las f\u00e9minas, por lo que indic\u00f3 que el Instituto Electoral de Participaci\u00f3n Ciudadana debe aplicar el 3 de 3 a quienes no preserven los derechos de las mujeres, ya que por ello todos los partidos pol\u00edticos firmaron el acuerdo de respetar a las f\u00e9minas.<\/p>\n<\/div>\n<\/div>\n<div class=\"o9v6fnle cxmmr5t8 oygrvhab hcukyx3x c1et5uql ii04i59q\" style=\"text-align: justify;\">\n<div dir=\"auto\">En cuanto al panorama local, anunci\u00f3 que el pr\u00f3ximo fin de semana saldr\u00e1 la convocatoria para los aspirantes a las alcald\u00edas de Guerrero; el pasado fin de semana ya sali\u00f3 la convocatoria para candidatos a diputados, por lo que la segunda quincena de febrero iniciar\u00e1 los registros.<\/p>\n<\/div>\n<\/div>\n<div class=\"o9v6fnle cxmmr5t8 oygrvhab hcukyx3x c1et5uql ii04i59q\">\n<div dir=\"auto\">Del PRD dijo que hay una gran disposici\u00f3n por parte de la dirigencia estatal de ese partido para ir juntos al proceso electora unidos y fortalecidos. En el caso de los Ayuntamientos van en una alianza flexible con 36 municipios que a\u00fan no termina por definirse, y en el resto de los municipios se ir\u00e1n solos, complement\u00f3.<\/p>\n<div class=\"o9v6fnle cxmmr5t8 oygrvhab hcukyx3x c1et5uql ii04i59q\">\n<div dir=\"auto\" style=\"text-align: justify;\">Sobre las diputaciones locales, inform\u00f3 que 14 son para el PRI y 14 para el PRD, mientras que en las diputaciones federales 5 ser\u00e1n para el PRI y 4 para el PRD, de acuerdo a los equilibrios a nivel nacional, ya que Guerrero el PRI tiene m\u00e1s fuerza.<\/div>\n<\/div>\n<\/div>\n<\/div>\n","protected":false},"excerpt":{"rendered":"<p>ZOOM. * 26 de enero de 2021. ] Acapulco Press. El Presidente del PRI en Guerrero, Esteban Albarr\u00e1n Hern\u00e1ndez, precis\u00f3 que el objetivo del partido en la presente contienda electoral es participar con idea, propuestas y juegos limpio, descartando con ello agandalles y divisionismos en la toma de dicisiones de candidatos en la coalici\u00f3n que&#8230;<\/p>\n","protected":false},"author":2,"featured_media":1219914,"comment_status":"closed","ping_status":"closed","sticky":false,"template":"","format":"standard","meta":{"footnotes":""},"categories":[2024,18561],"tags":[8169,14804,14914],"class_list":["post-1219913","post","type-post","status-publish","format-standard","has-post-thumbnail","hentry","category-politica-activism","category-society-politics","tag-esteban-albarran-hernandez","tag-prd","tag-pri"],"_links":{"self":[{"href":"https:\/\/www.acapulcopress.com\/index.php\/wp-json\/wp\/v2\/posts\/1219913","targetHints":{"allow":["GET"]}}],"collection":[{"href":"https:\/\/www.acapulcopress.com\/index.php\/wp-json\/wp\/v2\/posts"}],"about":[{"href":"https:\/\/www.acapulcopress.com\/index.php\/wp-json\/wp\/v2\/types\/post"}],"author":[{"embeddable":true,"href":"https:\/\/www.acapulcopress.com\/index.php\/wp-json\/wp\/v2\/users\/2"}],"replies":[{"embeddable":true,"href":"https:\/\/www.acapulcopress.com\/index.php\/wp-json\/wp\/v2\/comments?post=1219913"}],"version-history":[{"count":0,"href":"https:\/\/www.acapulcopress.com\/index.php\/wp-json\/wp\/v2\/posts\/1219913\/revisions"}],"wp:featuredmedia":[{"embeddable":true,"href":"https:\/\/www.acapulcopress.com\/index.php\/wp-json\/"}],"wp:attachment":[{"href":"https:\/\/www.acapulcopress.com\/index.php\/wp-json\/wp\/v2\/media?parent=1219913"}],"wp:term":[{"taxonomy":"category","embeddable":true,"href":"https:\/\/www.acapulcopress.com\/index.php\/wp-json\/wp\/v2\/categories?post=1219913"},{"taxonomy":"post_tag","embeddable":true,"href":"https:\/\/www.acapulcopress.com\/index.php\/wp-json\/wp\/v2\/tags?post=1219913"}],"curies":[{"name":"wp","href":"https:\/\/api.w.org\/{rel}","templated":true}]}}