{"id":1219926,"date":"2021-01-26T19:26:30","date_gmt":"2021-01-27T01:26:30","guid":{"rendered":"https:\/\/www.acapulcopress.com\/?p=1219926"},"modified":"2021-01-26T19:26:30","modified_gmt":"2021-01-27T01:26:30","slug":"se-suma-uagro-a-programa-nacional-de-vacunacion-contra-la-covid19","status":"publish","type":"post","link":"https:\/\/www.acapulcopress.com\/index.php\/2021\/01\/26\/se-suma-uagro-a-programa-nacional-de-vacunacion-contra-la-covid19\/","title":{"rendered":"Se suma UAGro a Programa Nacional de Vacunaci\u00f3n contra la Covid19"},"content":{"rendered":"<p style=\"text-align: justify;\">CHILPANCINGO. * 26 de enero de 2021.<br \/>\n<em>] UAGro.<\/em><\/p>\n<p style=\"text-align: justify;\">La Comisi\u00f3n de Salud de la Universidad Aut\u00f3noma de Guerrero (UAGro) anunci\u00f3 que la instituci\u00f3n participar\u00e1 en el Programa Nacional de Vacunaci\u00f3n contra la Covid-19 que encabeza el Gobierno de M\u00e9xico en los estados del pa\u00eds.<\/p>\n<p style=\"text-align: justify;\">La UAGro se une al llamado de la Secretar\u00eda de Educaci\u00f3n P\u00fablica (SEP) y la Asociaci\u00f3n Nacional de Universidades e Instituciones de Educaci\u00f3n Superior (ANUIES) para que las universidades aporten su conocimiento, infraestructura, equipo especializado y capital humano voluntario en las brigadas de vacunaci\u00f3n.<\/p>\n<p style=\"text-align: justify;\">Ayer, los integrantes Comisi\u00f3n de Salud de la UAGro participaron en una reuni\u00f3n virtual con el Subsecretario de Educaci\u00f3n Superior, Luciano Concheiro B\u00f3rquez y el Secretario Ejecutivo de la ANUIES Jaime Valls Esponda para definir la estrategia operativa.<\/p>\n<p style=\"text-align: justify;\">A trav\u00e9s de un comunicado, la m\u00e1xima casa de estudios inform\u00f3 que facilitar\u00e1 \u00e1reas f\u00edsicas de acuerdo a los requerimientos solicitados, para la capacitaci\u00f3n de brigadistas e instalaci\u00f3n de centros de vacunaci\u00f3n.<\/p>\n<p style=\"text-align: justify;\">Tambi\u00e9n pondr\u00e1 a disposici\u00f3n cinco ultracongeladores para almacenamiento y conservaci\u00f3n de las vacunas, uno de ellos ya fue prestado a la Secretar\u00eda de Salud Guerrero; as\u00ed como la participaci\u00f3n voluntaria de los estudiantes del \u00e1rea de la salud en las brigadas de vacunaci\u00f3n.<\/p>\n<p style=\"text-align: justify;\">La Comisi\u00f3n de Salud puntualiz\u00f3 que para estas actividades, la UAGro estar\u00e1 en coordinaci\u00f3n permanente con las autoridades de salud y educaci\u00f3n tanto federal como estatal e informar\u00e1 la estrategia que se est\u00e1 realizando al H. Consejo Universitario en la pr\u00f3xima sesi\u00f3n para su consideraci\u00f3n y en su acaso la aprobaci\u00f3n correspondiente.<\/p>\n<p><img loading=\"lazy\" decoding=\"async\" class=\"alignnone wp-image-1219928 size-large\" src=\"https:\/\/www.acapulco.press\/wp-content\/uploads\/2021\/01\/comunicado-uagro-840x1211.jpg\" alt=\"\" width=\"840\" height=\"1211\" \/><\/p>\n","protected":false},"excerpt":{"rendered":"<p>CHILPANCINGO. * 26 de enero de 2021. ] UAGro. La Comisi\u00f3n de Salud de la Universidad Aut\u00f3noma de Guerrero (UAGro) anunci\u00f3 que la instituci\u00f3n participar\u00e1 en el Programa Nacional de Vacunaci\u00f3n contra la Covid-19 que encabeza el Gobierno de M\u00e9xico en los estados del pa\u00eds. La UAGro se une al llamado de la Secretar\u00eda de&#8230;<\/p>\n","protected":false},"author":2,"featured_media":1219927,"comment_status":"closed","ping_status":"closed","sticky":false,"template":"","format":"standard","meta":{"footnotes":""},"categories":[18561,2016],"tags":[4321,10644,15057,16171,17610],"class_list":["post-1219926","post","type-post","status-publish","format-standard","has-post-thumbnail","hentry","category-society-politics","category-uagro-society-politics","tag-asociacion-nacional-de-universidades-e-instituciones-de-educacion-superior-anuies","tag-javier-saldana-almazan","tag-programa-nacional-de-vacunacion-contra-la-covid-19","tag-secretaria-de-educacion-publica-sep","tag-universidad-autonoma-de-guerrero-uagro"],"_links":{"self":[{"href":"https:\/\/www.acapulcopress.com\/index.php\/wp-json\/wp\/v2\/posts\/1219926","targetHints":{"allow":["GET"]}}],"collection":[{"href":"https:\/\/www.acapulcopress.com\/index.php\/wp-json\/wp\/v2\/posts"}],"about":[{"href":"https:\/\/www.acapulcopress.com\/index.php\/wp-json\/wp\/v2\/types\/post"}],"author":[{"embeddable":true,"href":"https:\/\/www.acapulcopress.com\/index.php\/wp-json\/wp\/v2\/users\/2"}],"replies":[{"embeddable":true,"href":"https:\/\/www.acapulcopress.com\/index.php\/wp-json\/wp\/v2\/comments?post=1219926"}],"version-history":[{"count":0,"href":"https:\/\/www.acapulcopress.com\/index.php\/wp-json\/wp\/v2\/posts\/1219926\/revisions"}],"wp:featuredmedia":[{"embeddable":true,"href":"https:\/\/www.acapulcopress.com\/index.php\/wp-json\/"}],"wp:attachment":[{"href":"https:\/\/www.acapulcopress.com\/index.php\/wp-json\/wp\/v2\/media?parent=1219926"}],"wp:term":[{"taxonomy":"category","embeddable":true,"href":"https:\/\/www.acapulcopress.com\/index.php\/wp-json\/wp\/v2\/categories?post=1219926"},{"taxonomy":"post_tag","embeddable":true,"href":"https:\/\/www.acapulcopress.com\/index.php\/wp-json\/wp\/v2\/tags?post=1219926"}],"curies":[{"name":"wp","href":"https:\/\/api.w.org\/{rel}","templated":true}]}}