{"id":1219933,"date":"2021-01-26T19:49:34","date_gmt":"2021-01-27T01:49:34","guid":{"rendered":"https:\/\/www.acapulcopress.com\/?p=1219933"},"modified":"2021-01-26T19:49:34","modified_gmt":"2021-01-27T01:49:34","slug":"seguira-pugnando-manuel-anorve-por-legalizacion-de-amapola-con-fines-medicinales","status":"publish","type":"post","link":"https:\/\/www.acapulcopress.com\/index.php\/2021\/01\/26\/seguira-pugnando-manuel-anorve-por-legalizacion-de-amapola-con-fines-medicinales\/","title":{"rendered":"Seguir\u00e1 pugnando Manuel A\u00f1orve por legalizaci\u00f3n de amapola con fines medicinales"},"content":{"rendered":"<p style=\"text-align: justify;\">ACAPULCO. * 26 de enero de 2021.<br \/>\n<em>] Especial.<\/em><\/p>\n<p style=\"text-align: justify;\">El Senador de la Rep\u00fablica Manuel A\u00f1orve Ba\u00f1os, insisti\u00f3 en la necesidad urgente de legalizar la amapola con fines medicinales, iniciativa que ya present\u00f3 hace unos meses en el Senado.<\/p>\n<p style=\"text-align: justify;\">Por lo que celebr\u00f3 que la Secretaria de Gobernaci\u00f3n Olga S\u00e1nchez Cordero, dijera que despu\u00e9s de la legalizaci\u00f3n del cannabis, se podr\u00eda dar paso a la legalizaci\u00f3n de la amapola.<\/p>\n<p style=\"text-align: justify;\">A\u00f1orve Ba\u00f1os, detall\u00f3 que esta propuesta es muy importante para el estado de Guerrero ya que en la entidad unas 120 mil personas siembran y cosechan amapola, en su mayor\u00eda, campesinos de comunidades pobres y aisladas.<\/p>\n<p style=\"text-align: justify;\">\u00abTenemos la oportunidad de darle vuelta a esta situaci\u00f3n, hoy podemos convertir una situaci\u00f3n penosa para muchos campesinos, en una oportunidad de desarrollo econ\u00f3mico para esas comunidades\u00bb precis\u00f3 el legislador federal.<\/p>\n<p style=\"text-align: justify;\">Finalmente, Manuel A\u00f1orve, dio a conocer que en el Periodo Ordinario de Sesiones, que habr\u00e1 de iniciar este primero de febrero seguir\u00e1 insistente en que la iniciativa que present\u00f3 para la legalizaci\u00f3n de la amapola con fines medicinales sea dictaminada.<\/p>\n","protected":false},"excerpt":{"rendered":"<p>ACAPULCO. * 26 de enero de 2021. ] Especial. El Senador de la Rep\u00fablica Manuel A\u00f1orve Ba\u00f1os, insisti\u00f3 en la necesidad urgente de legalizar la amapola con fines medicinales, iniciativa que ya present\u00f3 hace unos meses en el Senado. Por lo que celebr\u00f3 que la Secretaria de Gobernaci\u00f3n Olga S\u00e1nchez Cordero, dijera que despu\u00e9s de&#8230;<\/p>\n","protected":false},"author":2,"featured_media":1219934,"comment_status":"closed","ping_status":"closed","sticky":false,"template":"","format":"standard","meta":{"footnotes":""},"categories":[2024,18561],"tags":[3749,12366,16471],"class_list":["post-1219933","post","type-post","status-publish","format-standard","has-post-thumbnail","hentry","category-politica-activism","category-society-politics","tag-amapola","tag-manuel-anorve-banos","tag-senado-de-la-republica"],"_links":{"self":[{"href":"https:\/\/www.acapulcopress.com\/index.php\/wp-json\/wp\/v2\/posts\/1219933","targetHints":{"allow":["GET"]}}],"collection":[{"href":"https:\/\/www.acapulcopress.com\/index.php\/wp-json\/wp\/v2\/posts"}],"about":[{"href":"https:\/\/www.acapulcopress.com\/index.php\/wp-json\/wp\/v2\/types\/post"}],"author":[{"embeddable":true,"href":"https:\/\/www.acapulcopress.com\/index.php\/wp-json\/wp\/v2\/users\/2"}],"replies":[{"embeddable":true,"href":"https:\/\/www.acapulcopress.com\/index.php\/wp-json\/wp\/v2\/comments?post=1219933"}],"version-history":[{"count":0,"href":"https:\/\/www.acapulcopress.com\/index.php\/wp-json\/wp\/v2\/posts\/1219933\/revisions"}],"wp:featuredmedia":[{"embeddable":true,"href":"https:\/\/www.acapulcopress.com\/index.php\/wp-json\/"}],"wp:attachment":[{"href":"https:\/\/www.acapulcopress.com\/index.php\/wp-json\/wp\/v2\/media?parent=1219933"}],"wp:term":[{"taxonomy":"category","embeddable":true,"href":"https:\/\/www.acapulcopress.com\/index.php\/wp-json\/wp\/v2\/categories?post=1219933"},{"taxonomy":"post_tag","embeddable":true,"href":"https:\/\/www.acapulcopress.com\/index.php\/wp-json\/wp\/v2\/tags?post=1219933"}],"curies":[{"name":"wp","href":"https:\/\/api.w.org\/{rel}","templated":true}]}}