{"id":1219939,"date":"2021-01-26T10:03:09","date_gmt":"2021-01-26T16:03:09","guid":{"rendered":"https:\/\/www.acapulcopress.com\/?p=1219939"},"modified":"2021-01-26T10:03:09","modified_gmt":"2021-01-26T16:03:09","slug":"pri-y-prd-definen-metodologia-para-elegir-su-candidato-a-gobernador","status":"publish","type":"post","link":"https:\/\/www.acapulcopress.com\/index.php\/2021\/01\/26\/pri-y-prd-definen-metodologia-para-elegir-su-candidato-a-gobernador\/","title":{"rendered":"PRI y PRD definen metodolog\u00eda para elegir su candidato a Gobernador"},"content":{"rendered":"<p style=\"text-align: justify;\">CHILPANCINGO. * 26 de enero de 2021.<br \/>\n<em>] Especial.<\/em><\/p>\n<p style=\"text-align: justify;\">Entrevistado v\u00eda telef\u00f3nica, Mario Moreno Arcos confirm\u00f3 lo expresado esta ma\u00f1ana por el dirigente de su partido en Guerrero, Esteban Albarr\u00e1n Mendoza, en el sentido de que derivado de la reuni\u00f3n hoy entre las dirigencias nacionales del PRI y el PRD, se determinar\u00eda la metodolog\u00eda para designar al abanderado de la coalici\u00f3n que enfrentar\u00e1 a las otras alianzas y partidos en la elecci\u00f3n constitucional del 6 de junio pr\u00f3ximo, a\u00f1adiendo que en efecto, ser\u00e1 del 10 al 15 de febrero cuando se d\u00e9 la definici\u00f3n sobre el candidato que encabezar\u00e1 la Alianza bipartidista entre ambos institutos pol\u00edticos.<\/p>\n<p style=\"text-align: justify;\">Al concluir dicho encuentro, confirm\u00f3 tambi\u00e9n, que la reuni\u00f3n celebrada hoy en la Ciudad de M\u00e9xico con las dirigencias nacionales y estatales de ambos partidos, as\u00ed como con el precandidato Evodio Vel\u00e1zquez Aguirre, gir\u00f3 sobre la metodolog\u00eda de la encuesta a trav\u00e9s de la que ambos candidatos ser\u00e1n medidos, y que ser\u00e1 la pr\u00f3xima semana cuando las encuestadoras inicien los trabajos de medici\u00f3n correspondientes.<\/p>\n<p style=\"text-align: justify;\">Como se recordar\u00e1, uno de los recientes acuerdos en el marco de la coalici\u00f3n pactada ante el Instituto Electoral y de Participaci\u00f3n Ciudadana del estado de Guerrero, fue justamente que habr\u00edan de llevarse a cabo varias encuestas para que los militantes de ambos partidos definieran a quien los representar\u00e1 en la elecci\u00f3n de gobernador.<\/p>\n<p style=\"text-align: justify;\">En ese sentido, tanto PRI como PRD realizar\u00e1n su propia encuesta entre la militancia de sus respectivos partidos, y posteriormente se efectuar\u00e1 un tercer sondeo abierto a la poblaci\u00f3n, cuesti\u00f3n que se habr\u00eda pactado hace un par de semanas durante la reuni\u00f3n entre ambas dirigencias estatales y sus candidatos.<\/p>\n<p style=\"text-align: justify;\">Hoy finalmente se re\u00fanen las dirigencias nacionales y estatales con los aspirantes, para darle forma a este mecanismo democr\u00e1tico, que de forma abierta, transparente y responsable, arrojar\u00e1 los datos necesarios para tomar la mejor decisi\u00f3n, pues el compromiso es arribar unidos y con el candidato mejor posicionado a esta hist\u00f3rica y competida elecci\u00f3n, en la cual incluso votar\u00e1n los guerrerenses que radican en el extranjero.<\/p>\n","protected":false},"excerpt":{"rendered":"<p>CHILPANCINGO. * 26 de enero de 2021. ] Especial. Entrevistado v\u00eda telef\u00f3nica, Mario Moreno Arcos confirm\u00f3 lo expresado esta ma\u00f1ana por el dirigente de su partido en Guerrero, Esteban Albarr\u00e1n Mendoza, en el sentido de que derivado de la reuni\u00f3n hoy entre las dirigencias nacionales del PRI y el PRD, se determinar\u00eda la metodolog\u00eda para&#8230;<\/p>\n","protected":false},"author":2,"featured_media":1219940,"comment_status":"closed","ping_status":"closed","sticky":false,"template":"","format":"standard","meta":{"footnotes":""},"categories":[2024,18561],"tags":[8273,12685,14804,14914],"class_list":["post-1219939","post","type-post","status-publish","format-standard","has-post-thumbnail","hentry","category-politica-activism","category-society-politics","tag-evodio-velazquez-aguirre","tag-mario-moreno-arcos","tag-prd","tag-pri"],"_links":{"self":[{"href":"https:\/\/www.acapulcopress.com\/index.php\/wp-json\/wp\/v2\/posts\/1219939","targetHints":{"allow":["GET"]}}],"collection":[{"href":"https:\/\/www.acapulcopress.com\/index.php\/wp-json\/wp\/v2\/posts"}],"about":[{"href":"https:\/\/www.acapulcopress.com\/index.php\/wp-json\/wp\/v2\/types\/post"}],"author":[{"embeddable":true,"href":"https:\/\/www.acapulcopress.com\/index.php\/wp-json\/wp\/v2\/users\/2"}],"replies":[{"embeddable":true,"href":"https:\/\/www.acapulcopress.com\/index.php\/wp-json\/wp\/v2\/comments?post=1219939"}],"version-history":[{"count":0,"href":"https:\/\/www.acapulcopress.com\/index.php\/wp-json\/wp\/v2\/posts\/1219939\/revisions"}],"wp:featuredmedia":[{"embeddable":true,"href":"https:\/\/www.acapulcopress.com\/index.php\/wp-json\/"}],"wp:attachment":[{"href":"https:\/\/www.acapulcopress.com\/index.php\/wp-json\/wp\/v2\/media?parent=1219939"}],"wp:term":[{"taxonomy":"category","embeddable":true,"href":"https:\/\/www.acapulcopress.com\/index.php\/wp-json\/wp\/v2\/categories?post=1219939"},{"taxonomy":"post_tag","embeddable":true,"href":"https:\/\/www.acapulcopress.com\/index.php\/wp-json\/wp\/v2\/tags?post=1219939"}],"curies":[{"name":"wp","href":"https:\/\/api.w.org\/{rel}","templated":true}]}}