{"id":1219945,"date":"2021-01-26T20:19:44","date_gmt":"2021-01-27T02:19:44","guid":{"rendered":"https:\/\/www.acapulcopress.com\/?p=1219945"},"modified":"2021-01-26T20:19:44","modified_gmt":"2021-01-27T02:19:44","slug":"no-hacer-lena-del-arbol-caido","status":"publish","type":"post","link":"https:\/\/www.acapulcopress.com\/index.php\/2021\/01\/26\/no-hacer-lena-del-arbol-caido\/","title":{"rendered":"No hacer le\u00f1a del \u00e1rbol ca\u00eddo"},"content":{"rendered":"<p style=\"text-align: justify;\"><strong>\u00bb JACKO BADILLO.<\/strong><\/p>\n<p><img loading=\"lazy\" decoding=\"async\" class=\"alignleft size-medium wp-image-1219948\" src=\"https:\/\/www.acapulco.press\/wp-content\/uploads\/2021\/01\/jackob-375x319.jpg\" alt=\"\" width=\"375\" height=\"319\" \/><\/p>\n<p style=\"text-align: justify;\">El presidente de M\u00e9xico Andr\u00e9s Manuel L\u00f3pez Obrador es, ante todo, un ser humano que como usted, como yo, como todos, merece respeto.<\/p>\n<p style=\"text-align: justify;\">El anuncio de que se contagi\u00f3 de Covid-19 debe ser algo serio y que a la gran mayor\u00eda de mexicanos deber\u00eda preocuparnos, como nos preocupan igual las miles de personas que se han contagiado, m\u00e1xime por el elevado n\u00famero de muertes que por esa causa se han registrado.<\/p>\n<p style=\"text-align: justify;\">Hacer burla o escarnio de esa desgracia no es de ninguna manera buena estrategia para pretender demeritar la tan alta responsabilidad que tiene de dirigir a nuestro pa\u00eds, en las condiciones tan adversas que le han tocado gobernar, no solamente por la pandemia, y que pese a ello se mantiene la gobernabilidad. No debemos, pues, hacer le\u00f1a del \u00e1rbol ca\u00eddo.<\/p>\n<p style=\"text-align: justify;\">Sabemos que el coronavirus ataca con m\u00e1s fuerza y letalidad a las personas de mayor edad, son las que corren mayor peligro, y que la tasa de mortalidad aumenta exponencialmente a partir de los 65 a\u00f1os, aproximadamente, por lo tanto este sector de la poblaci\u00f3n es el que debe recibir protecci\u00f3n especial, sobre todo si adem\u00e1s sufren enfermedades previas como diabetes, hipertensi\u00f3n, entre otras.<\/p>\n<p style=\"text-align: justify;\">No hay que perder de vista que se trata del presidente de los Estados Unidos Mexicanos, que si bien ha dicho que son s\u00edntomas leves y que ya est\u00e1 siendo atendido por un grupo de especialistas, no est\u00e1 exento de sufrir complicaciones, por lo que desde aqu\u00ed le enviamos los mejores deseos para una pronta recuperaci\u00f3n.<\/p>\n<p style=\"text-align: justify;\">M\u00e1s all\u00e1 de colores partidistas, de ideolog\u00edas o de aspiraciones personales, creo que en estos momentos todos debemos hacer votos porque el jefe del Ejecutivo nacional recupere la salud, pedir que la mano de Dios gu\u00ede a los m\u00e9dicos que lo est\u00e1n atendiendo, y que pronto podamos verlo nuevamente activo, reincorpor\u00e1ndose a sus actividades cotidianas. De coraz\u00f3n, es lo que deseamos.<\/p>\n<p style=\"text-align: justify;\">Mientras tanto\u2026 <em>\u00a1J\u00e1lalo que es pargo!<\/em><\/p>\n","protected":false},"excerpt":{"rendered":"<p>\u00bb JACKO BADILLO. El presidente de M\u00e9xico Andr\u00e9s Manuel L\u00f3pez Obrador es, ante todo, un ser humano que como usted, como yo, como todos, merece respeto. El anuncio de que se contagi\u00f3 de Covid-19 debe ser algo serio y que a la gran mayor\u00eda de mexicanos deber\u00eda preocuparnos, como nos preocupan igual las miles de&#8230;<\/p>\n","protected":false},"author":2,"featured_media":1219947,"comment_status":"closed","ping_status":"closed","sticky":false,"template":"","format":"standard","meta":{"footnotes":""},"categories":[2071,1991],"tags":[2093,2745,3793,3802,6705],"class_list":["post-1219945","post","type-post","status-publish","format-standard","has-post-thumbnail","hentry","category-opinion-analisis-columnas","category-libertad-de-expresion","tag-jalalo-que-es-pargo","tag-jacko-badillo","tag-amlo","tag-amlo-enferma-de-covid19","tag-covid19"],"_links":{"self":[{"href":"https:\/\/www.acapulcopress.com\/index.php\/wp-json\/wp\/v2\/posts\/1219945","targetHints":{"allow":["GET"]}}],"collection":[{"href":"https:\/\/www.acapulcopress.com\/index.php\/wp-json\/wp\/v2\/posts"}],"about":[{"href":"https:\/\/www.acapulcopress.com\/index.php\/wp-json\/wp\/v2\/types\/post"}],"author":[{"embeddable":true,"href":"https:\/\/www.acapulcopress.com\/index.php\/wp-json\/wp\/v2\/users\/2"}],"replies":[{"embeddable":true,"href":"https:\/\/www.acapulcopress.com\/index.php\/wp-json\/wp\/v2\/comments?post=1219945"}],"version-history":[{"count":0,"href":"https:\/\/www.acapulcopress.com\/index.php\/wp-json\/wp\/v2\/posts\/1219945\/revisions"}],"wp:featuredmedia":[{"embeddable":true,"href":"https:\/\/www.acapulcopress.com\/index.php\/wp-json\/"}],"wp:attachment":[{"href":"https:\/\/www.acapulcopress.com\/index.php\/wp-json\/wp\/v2\/media?parent=1219945"}],"wp:term":[{"taxonomy":"category","embeddable":true,"href":"https:\/\/www.acapulcopress.com\/index.php\/wp-json\/wp\/v2\/categories?post=1219945"},{"taxonomy":"post_tag","embeddable":true,"href":"https:\/\/www.acapulcopress.com\/index.php\/wp-json\/wp\/v2\/tags?post=1219945"}],"curies":[{"name":"wp","href":"https:\/\/api.w.org\/{rel}","templated":true}]}}