{"id":1219953,"date":"2021-01-26T21:22:24","date_gmt":"2021-01-27T03:22:24","guid":{"rendered":"https:\/\/www.acapulcopress.com\/?p=1219953"},"modified":"2021-01-26T21:22:24","modified_gmt":"2021-01-27T03:22:24","slug":"tres-encuestas-decidiran-candidato-pri-prd","status":"publish","type":"post","link":"https:\/\/www.acapulcopress.com\/index.php\/2021\/01\/26\/tres-encuestas-decidiran-candidato-pri-prd\/","title":{"rendered":"Tres encuestas decidir\u00e1n candidato PRI\/PRD"},"content":{"rendered":"<p>CHILPANCINGO. * 26 de enero de 2021.<br \/>\n<em>] Especial.<\/em><\/p>\n<p style=\"text-align: justify;\">Los precandidatos de la coalici\u00f3n PRI\/PRI, Mario Moreno Arcos y Evodio Vel\u00e1zquez Aguirre, se reunieron en la Ciudad de M\u00e9xico con las dirigencias nacional y estatal de ambos partidos para acordar la metodolog\u00eda para designan al candidato oficial de ambos al Gobierno de Guerrero,.<\/p>\n<p>El resultado fue que ser\u00e1n sometidos a tres consultas interpatidistas que realizar\u00e1n encuestadoras especializadas que implementar\u00e1n sus trabajos entre el 6 y 7 de febrero, pr\u00f3ximo. El resultado final de las tres rondas ser\u00e1 el definitivo para elegir al candidato de la alianza PRI-PRD en Guerrero.<\/p>\n","protected":false},"excerpt":{"rendered":"<p>CHILPANCINGO. * 26 de enero de 2021. ] Especial. Los precandidatos de la coalici\u00f3n PRI\/PRI, Mario Moreno Arcos y Evodio Vel\u00e1zquez Aguirre, se reunieron en la Ciudad de M\u00e9xico con las dirigencias nacional y estatal de ambos partidos para acordar la metodolog\u00eda para designan al candidato oficial de ambos al Gobierno de Guerrero,. El resultado&#8230;<\/p>\n","protected":false},"author":2,"featured_media":1219954,"comment_status":"closed","ping_status":"closed","sticky":false,"template":"","format":"standard","meta":{"footnotes":""},"categories":[2053,1972,1997],"tags":[5943,8273,13308,14804,14914],"class_list":["post-1219953","post","type-post","status-publish","format-standard","has-post-thumbnail","hentry","category-elecciones-special","category-special","category-noticias-destacadas","tag-coalicion-pri-prd-guerrero-2021","tag-evodio-velazquez-aguirre","tag-moreno-arcos","tag-prd","tag-pri"],"_links":{"self":[{"href":"https:\/\/www.acapulcopress.com\/index.php\/wp-json\/wp\/v2\/posts\/1219953","targetHints":{"allow":["GET"]}}],"collection":[{"href":"https:\/\/www.acapulcopress.com\/index.php\/wp-json\/wp\/v2\/posts"}],"about":[{"href":"https:\/\/www.acapulcopress.com\/index.php\/wp-json\/wp\/v2\/types\/post"}],"author":[{"embeddable":true,"href":"https:\/\/www.acapulcopress.com\/index.php\/wp-json\/wp\/v2\/users\/2"}],"replies":[{"embeddable":true,"href":"https:\/\/www.acapulcopress.com\/index.php\/wp-json\/wp\/v2\/comments?post=1219953"}],"version-history":[{"count":0,"href":"https:\/\/www.acapulcopress.com\/index.php\/wp-json\/wp\/v2\/posts\/1219953\/revisions"}],"wp:featuredmedia":[{"embeddable":true,"href":"https:\/\/www.acapulcopress.com\/index.php\/wp-json\/"}],"wp:attachment":[{"href":"https:\/\/www.acapulcopress.com\/index.php\/wp-json\/wp\/v2\/media?parent=1219953"}],"wp:term":[{"taxonomy":"category","embeddable":true,"href":"https:\/\/www.acapulcopress.com\/index.php\/wp-json\/wp\/v2\/categories?post=1219953"},{"taxonomy":"post_tag","embeddable":true,"href":"https:\/\/www.acapulcopress.com\/index.php\/wp-json\/wp\/v2\/tags?post=1219953"}],"curies":[{"name":"wp","href":"https:\/\/api.w.org\/{rel}","templated":true}]}}