{"id":1219973,"date":"2021-01-26T22:53:12","date_gmt":"2021-01-27T04:53:12","guid":{"rendered":"https:\/\/www.acapulcopress.com\/?p=1219973"},"modified":"2021-01-26T22:53:12","modified_gmt":"2021-01-27T04:53:12","slug":"opera-en-mexico-regimen-clientelar-que-lucra-con-necesidades-de-quienes-menos-tienen","status":"publish","type":"post","link":"https:\/\/www.acapulcopress.com\/index.php\/2021\/01\/26\/opera-en-mexico-regimen-clientelar-que-lucra-con-necesidades-de-quienes-menos-tienen\/","title":{"rendered":"Opera en M\u00e9xico r\u00e9gimen clientelar que lucra con necesidades de quienes menos tienen"},"content":{"rendered":"<p style=\"text-align: justify;\">PALACIO LEGISLATIVO. * 26 de enero de 2021.<br \/>\n<em>] Notilegis.<\/em><\/p>\n<p style=\"text-align: justify;\">La diputada Frida Esparza M\u00e1rquez (PRD) afirm\u00f3 que en estos dos a\u00f1os de la actual administraci\u00f3n federal \u201cse conform\u00f3 un r\u00e9gimen profundamente clientelar que lucra con las necesidades de quienes menos tienen\u201d.<\/p>\n<p style=\"text-align: justify;\">Lo anterior, durante la reuni\u00f3n plenaria de su grupo parlamentario, previo al inicio del segundo per\u00edodo ordinario de sesiones, del tercer a\u00f1o de la LXIV Legislatura.<\/p>\n<p style=\"text-align: justify;\">Por medio de un comunicado, la diputada dijo que, durante su participaci\u00f3n en el encuentro sostuvo que entre 2008 y 2018 el n\u00famero de personas en situaci\u00f3n de pobreza se increment\u00f3 en 2.9 millones, al pasar de 49.5 a 52.4. No obstante, el n\u00famero de personas en pobreza extrema disminuy\u00f3 de 12.3 a 9.3 millones de personas.<\/p>\n<p style=\"text-align: justify;\">\u201cEl problema de la pobreza es m\u00e1s agudo en el sureste del pa\u00eds y entre la poblaci\u00f3n de los pueblos ind\u00edgenas, de adultos mayores, de ni\u00f1as, ni\u00f1os, adolescentes y personas con discapacidad.<\/p>\n<p style=\"text-align: justify;\">\u201cDebemos se\u00f1alar que todos estos n\u00fameros se ver\u00e1n trastocados como resultado de una p\u00e9sima implementaci\u00f3n de pol\u00edticas de atenci\u00f3n al empleo, promoci\u00f3n a la inversi\u00f3n privada y de la suspensi\u00f3n de la inversi\u00f3n p\u00fablica, de lo que hemos sido testigos en estos dos \u00faltimos a\u00f1os, y particularmente se ver\u00e1n agravados por el distanciamiento social y el confinamiento\u201d, alert\u00f3.<\/p>\n<p style=\"text-align: justify;\">En el \u00faltimo d\u00eda de la plenaria de los grupos parlamentarios del PRD en las c\u00e1maras de Diputados y de Senadores, participaron Ricardo Becerra Laguna, del Instituto de Estudios para la Transici\u00f3n Democr\u00e1tica; Rogelio G\u00f3mez Hermosillo, coordinador de Acci\u00f3n Ciudadana Frente a la Pobreza; Jos\u00e9 Nabor Cruz Marcelo, secretario ejecutivo de Coneval; y Mar\u00eda Amparo Casar, presidenta de Mexicanos contra la Corrupci\u00f3n y la Impunidad.<\/p>\n<p style=\"text-align: justify;\">En su intervenci\u00f3n, Ricardo Becerra sostuvo que cada d\u00eda m\u00e1s trabajadores ganan un salario m\u00ednimo y que tan s\u00f3lo en 2020, 7.1 millones de trabajadores ten\u00edan este sueldo. Dijo que el n\u00famero de trabajadores que cobra el salario m\u00ednimo se duplic\u00f3 en tan s\u00f3lo cuatro a\u00f1os. Dijo que seg\u00fan datos del INEGI y de la Conasami, el 61% de la poblaci\u00f3n trabajadora en el pa\u00eds merodea su existencia muy cerca de la pobreza extrema.<\/p>\n<p style=\"text-align: justify;\">Sostuvo que el aumento del salario m\u00ednimo que se ha registrado es un hecho de justicia social, sin embargo, consider\u00f3 que la pol\u00edtica de recuperaci\u00f3n salarial se debe convertir en una pol\u00edtica de Estado.<\/p>\n<p style=\"text-align: justify;\">En tal sentido, hizo una serie de propuestas a los grupos parlamentario del PRD, como expresi\u00f3n de la izquierda, para impulsar en el Congreso de la Uni\u00f3n una verdadera pol\u00edtica de recuperaci\u00f3n salarial.<\/p>\n<p style=\"text-align: justify;\">Por su parte, Rogelio G\u00f3mez Hermosillo, consider\u00f3 que M\u00e9xico no es un pa\u00eds pobre, pero mucha de su poblaci\u00f3n carece de lo m\u00e1s esencial para vivir puesto que 78% presenta carencias de ingresos sociales, 58% enfrenta carencias de seguridad social, y la mitad de la misma padece carencias para adquirir la canasta b\u00e1sica. Y puntualiz\u00f3 que esto afecta mucho m\u00e1s a la poblaci\u00f3n ind\u00edgena, a j\u00f3venes y a las zonas rurales.<\/p>\n<p style=\"text-align: justify;\">Agreg\u00f3 que una de las causas de la pobreza en M\u00e9xico es la que se genera desde el mundo del trabajo, por lo que destac\u00f3 \u201cel absurdo, el esc\u00e1ndalo y la contradicci\u00f3n de trabajar y de todos modos vivir en pobreza. En M\u00e9xico, se puede trabajar y ser pobre\u201d.<\/p>\n<p style=\"text-align: justify;\">En su oportunidad, Jos\u00e9 Nabor Cruz Marcelo, expuso cifras del Coneval que ratifican la pobreza laboral expuesta por los ponentes previos.<\/p>\n<p style=\"text-align: justify;\">Finalmente, Mar\u00eda Amparo Casar, opin\u00f3 que se comete un error cuando se pretende comparar al conjunto de los programas sociales de este gobierno con una pol\u00edtica social. Destac\u00f3 que entre las debilidades de los programas sociales es que parten un diagn\u00f3stico que tiene un sustento dudoso, est\u00e1n basados m\u00e1s en ocurrencias y es imposible evaluarlos.<\/p>\n<p style=\"text-align: justify;\">En opini\u00f3n de la ponente, el asistencialismo, entendido como la actitud pol\u00edtica orientada a resolver problemas sociales a partir de la asistencia externa, nunca ha sacado a un pa\u00eds de la pobreza. Los programas sociales, dijo, \u201csirven para crear una base de apoyo a los gobernantes que los adoptan y que se llaman clientelas\u201d.<\/p>\n<p style=\"text-align: justify;\">En este sentido, afirm\u00f3, en este gobierno, \u201cestamos frente al proyecto de legitimaci\u00f3n y permanencia en el poder m\u00e1s ambicioso que hayamos conocido en los ya 30 a\u00f1os de democracia. Tenemos el dise\u00f1o de un verdadero tecn\u00f3crata electoral\u201d.<\/p>\n","protected":false},"excerpt":{"rendered":"<p>PALACIO LEGISLATIVO. * 26 de enero de 2021. ] Notilegis. La diputada Frida Esparza M\u00e1rquez (PRD) afirm\u00f3 que en estos dos a\u00f1os de la actual administraci\u00f3n federal \u201cse conform\u00f3 un r\u00e9gimen profundamente clientelar que lucra con las necesidades de quienes menos tienen\u201d. Lo anterior, durante la reuni\u00f3n plenaria de su grupo parlamentario, previo al inicio&#8230;<\/p>\n","protected":false},"author":2,"featured_media":1219974,"comment_status":"closed","ping_status":"closed","sticky":false,"template":"","format":"standard","meta":{"footnotes":""},"categories":[1969],"tags":[6487,8964,14699,14804],"class_list":["post-1219973","post","type-post","status-publish","format-standard","has-post-thumbnail","hentry","category-trending","tag-consejo-nacional-de-evaluacion-de-la-politica-de-desarrollo-social-coneval","tag-frida-esparza-marquez","tag-poder-legislativo","tag-prd"],"_links":{"self":[{"href":"https:\/\/www.acapulcopress.com\/index.php\/wp-json\/wp\/v2\/posts\/1219973","targetHints":{"allow":["GET"]}}],"collection":[{"href":"https:\/\/www.acapulcopress.com\/index.php\/wp-json\/wp\/v2\/posts"}],"about":[{"href":"https:\/\/www.acapulcopress.com\/index.php\/wp-json\/wp\/v2\/types\/post"}],"author":[{"embeddable":true,"href":"https:\/\/www.acapulcopress.com\/index.php\/wp-json\/wp\/v2\/users\/2"}],"replies":[{"embeddable":true,"href":"https:\/\/www.acapulcopress.com\/index.php\/wp-json\/wp\/v2\/comments?post=1219973"}],"version-history":[{"count":0,"href":"https:\/\/www.acapulcopress.com\/index.php\/wp-json\/wp\/v2\/posts\/1219973\/revisions"}],"wp:featuredmedia":[{"embeddable":true,"href":"https:\/\/www.acapulcopress.com\/index.php\/wp-json\/"}],"wp:attachment":[{"href":"https:\/\/www.acapulcopress.com\/index.php\/wp-json\/wp\/v2\/media?parent=1219973"}],"wp:term":[{"taxonomy":"category","embeddable":true,"href":"https:\/\/www.acapulcopress.com\/index.php\/wp-json\/wp\/v2\/categories?post=1219973"},{"taxonomy":"post_tag","embeddable":true,"href":"https:\/\/www.acapulcopress.com\/index.php\/wp-json\/wp\/v2\/tags?post=1219973"}],"curies":[{"name":"wp","href":"https:\/\/api.w.org\/{rel}","templated":true}]}}