{"id":1219979,"date":"2021-01-26T23:09:27","date_gmt":"2021-01-27T05:09:27","guid":{"rendered":"https:\/\/www.acapulcopress.com\/?p=1219979"},"modified":"2021-01-26T23:09:27","modified_gmt":"2021-01-27T05:09:27","slug":"mexico-guatemala-belice-el-salvador-y-honduras-relanzaran-el-mundo-maya","status":"publish","type":"post","link":"https:\/\/www.acapulcopress.com\/index.php\/2021\/01\/26\/mexico-guatemala-belice-el-salvador-y-honduras-relanzaran-el-mundo-maya\/","title":{"rendered":"M\u00e9xico, Guatemala, Belice, El Salvador y Honduras relanzar\u00e1n el Mundo Maya"},"content":{"rendered":"<p style=\"text-align: justify;\">MUNDO MAYA. * 26 de enero de 2021.<br \/>\n<em>] <a href=\"https:\/\/www.efe.com\/efe\/america\/cultura\/mexico-guatemala-belice-el-salvador-y-honduras-relanzaran-mundo-maya\/20000009-4450094\" target=\"_blank\" rel=\"noopener\">Efe<\/a><\/em>.<\/p>\n<p style=\"text-align: justify;\">M\u00e9xico, Guatemala, Belice, El Salvador y Honduras, herederos de un legado prehisp\u00e1nico que sigue cautivando por su sabidur\u00eda en astronom\u00eda, arte, arquitectura y la creaci\u00f3n del cero, se preparan para dar nueva vida a la Regi\u00f3n Mundo Maya.<\/p>\n<p style=\"text-align: justify;\">\u00abEn M\u00e9xico relanzaremos la Regi\u00f3n Mundo Maya para cautivar a m\u00e1s de 22 millones de turistas de Europa, Estados Unidos y Canad\u00e1\u00bb, explic\u00f3 Jorge Manos Esparragoza, secretario de Turismo del sure\u00f1o estado Campeche, la regi\u00f3n del pa\u00eds con menos incidencia de la covid-19.<\/p>\n<p style=\"text-align: justify;\">Campeche, que junto con Yucat\u00e1n, Quintana Roo, Tabasco y Chiapas forma parte del Mundo Maya de M\u00e9xico, est\u00e1 \u00abprotocolizando temas de bioseguridad y buenas pr\u00e1cticas con los estados vecinos para detonar ese proyecto tur\u00edstico\u00bb.<\/p>\n<p style=\"text-align: justify;\">Los cinco secretarios de Turismo de las regiones que conforman el Mundo Maya de M\u00e9xico trabajan unidos \u00abpara dar a conocer los nuevos productos\u00bb. \u00abFirmamos un convenio con el secretario de Turismo federal, Miguel Torruco, y los pa\u00edses de Belice, Honduras, El Salvador y Guatemala, que tambi\u00e9n conforman en Mundo Maya, para dar a conocer nuevas rutas e impulsar, entre otras cosas, el turismo comunitario\u00bb, describi\u00f3.<\/p>\n<p style=\"text-align: justify;\">El funcionario dijo que, cuando la pandemia lo permita, se lanzar\u00e1n con decisi\u00f3n para conquistar a los visitantes europeos y americanos. \u00abEl Mundo Maya de M\u00e9xico tiene mucho que ofrecer: playas, cenotes, la Ruta del Cacao en Tabasco, majestuosas zonas arqueol\u00f3gicas y hasta una ciudad amurallada que quisieron invadir los piratas denominada San Francisco de Campeche, que es patrimonio de la Humanidad\u00bb, observ\u00f3. Jorge Manos manifest\u00f3 su entusiasmo por la pr\u00f3xima llegada del Tren Maya, proyecto emblema del Gobierno federal, \u00abporque impulsar\u00e1 una movilidad terrestre nunca vista en el sureste de M\u00e9xico\u00bb.<\/p>\n<p style=\"text-align: justify;\">Ante el impacto y la importante derrama econ\u00f3mica que traer\u00e1 a los cinco estados el renovado Mundo Maya, tambi\u00e9n est\u00e1n capacitando a los prestadores de servicios tur\u00edsticos con el objetivo de \u00abconectar y brindar bioseguridad a millones de visitantes locales, nacionales e internacionales\u00bb.<\/p>\n<p style=\"text-align: justify;\">El proyecto de relanzamiento permitir\u00e1 tambi\u00e9n impulsar el programa tur\u00edstico denominado Pueblos M\u00e1gicos, que agrupa localidades de inter\u00e9s patrimonial y cultural. \u00abPor ejemplo, nosotros tenemos a Palizada, que el pr\u00f3ximo 24 de febrero cumplir\u00e1 10 a\u00f1os del nombramiento de Pueblo M\u00e1gico. Y recientemente Isla Aguada, ubicada en Ciudad del Carmen, que es una villa de pescadores ideal para el ecoturismo, h\u00e1bitat de aves y delfines\u00bb, detall\u00f3.<\/p>\n<p style=\"text-align: justify;\">Participaci\u00f3n centroamericana A su vez, Michelle Fridman Hirsch, secretaria de Fomento Tur\u00edstico de Yucat\u00e1n, confirm\u00f3 los planes tur\u00edsticos de M\u00e9xico con pa\u00edses de Centroam\u00e9rica que comparten legados de la cultura maya como zonas arqueol\u00f3gicas, idiomas, tradiciones, agricultura, astronom\u00eda, arquitectura y adoraci\u00f3n de dioses como el de la lluvia (Chaac) y Kukulc\u00e1n (Serpiente emplumada).<\/p>\n<p style=\"text-align: justify;\">\u00abEste programa del Mundo Maya no es nuevo, pero ante la pandemia del coronavirus decidimos retomar alianzas para promover las bellezas naturales y arqueol\u00f3gicas de Campeche, Yucat\u00e1n, Quintana Roo, Tabasco y Chiapas\u00bb, explic\u00f3 Fridman.<\/p>\n<p style=\"text-align: justify;\">A trav\u00e9s de seminarios en l\u00ednea, los funcionarios de Turismo en M\u00e9xico intercambiaron conocimientos y proyectos con sus hom\u00f3logos de los pa\u00edses de Centroam\u00e9rica para dar un nuevo giro al esquema del Mundo Maya.<\/p>\n<p style=\"text-align: justify;\">\u00abEn tiempos de covid-19 decidimos aprovechar el turismo por carretera y programamos un producto regional para que los habitantes que viven en la Regi\u00f3n Mundo Maya conozcan ese legado maravilloso que tienen. Pero, adem\u00e1s, promoverlo en el mundo a trav\u00e9s de ferias virtuales\u00bb, asever\u00f3.<\/p>\n<p style=\"text-align: justify;\">Fridman tambi\u00e9n apost\u00f3 al Tren Maya, que es \u00abperfecto\u00bb para sus planes \u00abporque es un veh\u00edculo para descentralizar el turismo en la Pen\u00ednsula de Yucat\u00e1n\u00bb.<\/p>\n<p style=\"text-align: justify;\">Revel\u00f3 a Efe que los planes para relanzar el Mundo Maya comenzaron en 2020, con \u00abmuchas alianzas que se est\u00e1n consolidando poco a poco para cautivar al turismo local, nacional e internacional\u00bb.<\/p>\n<p style=\"text-align: justify;\">Aunque no precis\u00f3 fechas, coment\u00f3 que en las pr\u00f3ximas semanas se dar\u00e1 a conocer una feria virtual que \u00abser\u00e1 otro paso para impulsar el turismo en la regi\u00f3n Mundo Maya\u00bb.<\/p>\n","protected":false},"excerpt":{"rendered":"<p>MUNDO MAYA. * 26 de enero de 2021. ] Efe. M\u00e9xico, Guatemala, Belice, El Salvador y Honduras, herederos de un legado prehisp\u00e1nico que sigue cautivando por su sabidur\u00eda en astronom\u00eda, arte, arquitectura y la creaci\u00f3n del cero, se preparan para dar nueva vida a la Regi\u00f3n Mundo Maya. \u00abEn M\u00e9xico relanzaremos la Regi\u00f3n Mundo Maya&#8230;<\/p>\n","protected":false},"author":2,"featured_media":1219980,"comment_status":"closed","ping_status":"closed","sticky":false,"template":"","format":"standard","meta":{"footnotes":""},"categories":[1988,18562],"tags":[5655,11496,13418,13419],"class_list":["post-1219979","post","type-post","status-publish","format-standard","has-post-thumbnail","hentry","category-lifestyles","category-turism","tag-chaac","tag-kukulcan","tag-mundo-maya","tag-mundo-maya-de-mexico"],"_links":{"self":[{"href":"https:\/\/www.acapulcopress.com\/index.php\/wp-json\/wp\/v2\/posts\/1219979","targetHints":{"allow":["GET"]}}],"collection":[{"href":"https:\/\/www.acapulcopress.com\/index.php\/wp-json\/wp\/v2\/posts"}],"about":[{"href":"https:\/\/www.acapulcopress.com\/index.php\/wp-json\/wp\/v2\/types\/post"}],"author":[{"embeddable":true,"href":"https:\/\/www.acapulcopress.com\/index.php\/wp-json\/wp\/v2\/users\/2"}],"replies":[{"embeddable":true,"href":"https:\/\/www.acapulcopress.com\/index.php\/wp-json\/wp\/v2\/comments?post=1219979"}],"version-history":[{"count":0,"href":"https:\/\/www.acapulcopress.com\/index.php\/wp-json\/wp\/v2\/posts\/1219979\/revisions"}],"wp:featuredmedia":[{"embeddable":true,"href":"https:\/\/www.acapulcopress.com\/index.php\/wp-json\/"}],"wp:attachment":[{"href":"https:\/\/www.acapulcopress.com\/index.php\/wp-json\/wp\/v2\/media?parent=1219979"}],"wp:term":[{"taxonomy":"category","embeddable":true,"href":"https:\/\/www.acapulcopress.com\/index.php\/wp-json\/wp\/v2\/categories?post=1219979"},{"taxonomy":"post_tag","embeddable":true,"href":"https:\/\/www.acapulcopress.com\/index.php\/wp-json\/wp\/v2\/tags?post=1219979"}],"curies":[{"name":"wp","href":"https:\/\/api.w.org\/{rel}","templated":true}]}}