{"id":1220000,"date":"2021-01-26T23:42:38","date_gmt":"2021-01-27T05:42:38","guid":{"rendered":"https:\/\/www.acapulcopress.com\/?p=1220000"},"modified":"2021-01-26T23:42:38","modified_gmt":"2021-01-27T05:42:38","slug":"gobierno-federal-reconoce-labor-de-astudillo-contra-inseguridad-en-guerrero","status":"publish","type":"post","link":"https:\/\/www.acapulcopress.com\/index.php\/2021\/01\/26\/gobierno-federal-reconoce-labor-de-astudillo-contra-inseguridad-en-guerrero\/","title":{"rendered":"Gobierno federal reconoce labor de Astudillo contra inseguridad en Guerrero"},"content":{"rendered":"<p style=\"text-align: justify;\">CIUDAD DE M\u00c9XICO. * 26 de enero de 2021.<br \/>\n] Gobierno de Guerrero.<\/p>\n<p style=\"text-align: justify;\">El gobierno federal hizo un reconocimiento al estado de Guerrero por la disminuci\u00f3n en los indicadores delictivos, derivado del trabajo diario del gobernador H\u00e9ctor Astudillo Flores y la Mesa Estatal de Coordinaci\u00f3n para la Construcci\u00f3n de la Paz.<\/p>\n<p style=\"text-align: justify;\">Este martes por la ma\u00f1ana en Palacio Nacional se reunieron integrantes del Gabinete de Seguridad Federal con el gobernador H\u00e9ctor Astudillo, quien estuvo acompa\u00f1ado por el secretario de Seguridad P\u00fablica de Guerrero, David Portillo Menchaca.<\/p>\n<p style=\"text-align: justify;\">Ah\u00ed, el jefe del Ejecutivo estatal plante\u00f3 diversos temas de relevancia en materia de seguridad, as\u00ed como dio a conocer el estado que guarda el sistema de seguridad en Guerrero.<\/p>\n<p style=\"text-align: justify;\">Asimismo, se dio seguimiento a las acciones y estrategias que han permitido disminuir los \u00edndices delictivos.<\/p>\n<p style=\"text-align: justify;\">En la reuni\u00f3n estuvieron presentes la secretaria de Seguridad y Protecci\u00f3n Ciudadana, Rosa Icela Rodr\u00edguez Vel\u00e1zquez; el secretario de la Defensa Nacional, Luis Cresencio Sandoval; el secretario de Marina, Rafael Ojeda; el Consejero Jur\u00eddico de Presidencia, Julio Scherer; el subsecretario de Derechos Humanos, Poblaci\u00f3n y Migraci\u00f3n, Alejandro Encinas, y el subsecretario de Seguridad P\u00fablica y Protecci\u00f3n Ciudadana, Ricardo Mej\u00eda.<\/p>\n<p style=\"text-align: justify;\">M\u00e1s tarde, el mandatario estatal encabez\u00f3 de manera virtual la reuni\u00f3n de la Mesa de Coordinaci\u00f3n Estatal para la Construcci\u00f3n de la Paz, donde se\u00f1al\u00f3 que el problema no est\u00e1 resuelto, pero sin duda Guerrero ha tenido un avance muy importante.<\/p>\n<p style=\"text-align: justify;\">Expres\u00f3 su reconocimiento a las instituciones federales y estatales como la Secretar\u00eda General de Gobierno, la Polic\u00eda Estatal, la Fiscal\u00eda General del Estado, entre otras, con una atenci\u00f3n permanente a las reuniones de la Mesa de Coordinaci\u00f3n Estatal y la coordinaci\u00f3n con las Mesas Regionales.<\/p>\n<p style=\"text-align: justify;\">\u201cDesde luego, a la Defensa Nacional, a la Marina Armada de M\u00e9xico, la Guardia Nacional, a la Fiscal\u00eda General de la Rep\u00fablica\u201d.<\/p>\n<p style=\"text-align: justify;\">El secretario de Seguridad P\u00fablica, destac\u00f3 que la incidencia delictiva en Guerrero, se mantiene con indicadores a la baja en comparaci\u00f3n con el mismo periodo del a\u00f1o anterior, y que se realizan operativos de seguridad en coordinaci\u00f3n con las instituciones federales y militares, en diversos puntos de atenci\u00f3n prioritaria y de mayor incidencia delictiva, y dio cuenta de los hechos delictivos cometidos en las \u00faltimas 24 horas.<\/p>\n<p style=\"text-align: justify;\">El secretario de Salud, Carlos de la Pe\u00f1a Pintos, inform\u00f3 de las acciones realizadas para atender las incidencias registradas en coordinaci\u00f3n con las diversas instituciones para contener los contagios por COVID-19 en el estado que se registran a la alza.<\/p>\n<p style=\"text-align: justify;\">Estuvieron presentes el comandante de la Novena Regi\u00f3n Militar, Eufemio Alberto Ibarra Flores; el comandante de la Octava Regi\u00f3n Naval, Francisco Limas L\u00f3pez; el secretario General de Gobierno, Florencio Salazar Adame; el coordinador Estatal de la Guardia Nacional, Lucio Vergara G\u00f3mez; el delegado de la FGR, Fernando Garc\u00eda Fern\u00e1ndez; el delegado Federal en Guerrero, Iv\u00e1n Hern\u00e1ndez D\u00edaz.<\/p>\n<p style=\"text-align: justify;\">As\u00ed como los comandantes de la 27 Zona Militar, Federico San Juan Rosales y de la 35 Zona Militar, Miguel \u00c1ngel Aguirre Lara; el presidente de la Comisi\u00f3n Estatal de Derechos Humanos, Ram\u00f3n Navarrete Magdaleno; el representante del Centro Nacional de Inteligencia, Juan Gabriel Sosa Pintos, el presidente de la Coparmex Chilpancingo, Joel Moreno Temelo; el jefe de la Oficina del Gobernador, Alejandro Bravo Abarca; el secretario T\u00e9cnico, Hermes Teodoro Gonz\u00e1lez, entre otros funcionarios estatales y federales.<\/p>\n","protected":false},"excerpt":{"rendered":"<p>CIUDAD DE M\u00c9XICO. * 26 de enero de 2021. ] Gobierno de Guerrero. El gobierno federal hizo un reconocimiento al estado de Guerrero por la disminuci\u00f3n en los indicadores delictivos, derivado del trabajo diario del gobernador H\u00e9ctor Astudillo Flores y la Mesa Estatal de Coordinaci\u00f3n para la Construcci\u00f3n de la Paz. Este martes por la&#8230;<\/p>\n","protected":false},"author":2,"featured_media":1220001,"comment_status":"closed","ping_status":"closed","sticky":false,"template":"","format":"standard","meta":{"footnotes":""},"categories":[18573,1983],"tags":[6705,9302,9705,12964,16421],"class_list":["post-1220000","post","type-post","status-publish","format-standard","has-post-thumbnail","hentry","category-goverment","category-guerrerogob","tag-covid19","tag-gobierno-de-guerrero","tag-hector-astudillo-flores","tag-mesa-de-coordinacion-para-la-construccion-de-la-paz","tag-semaforo-de-riesgo-covid19"],"_links":{"self":[{"href":"https:\/\/www.acapulcopress.com\/index.php\/wp-json\/wp\/v2\/posts\/1220000","targetHints":{"allow":["GET"]}}],"collection":[{"href":"https:\/\/www.acapulcopress.com\/index.php\/wp-json\/wp\/v2\/posts"}],"about":[{"href":"https:\/\/www.acapulcopress.com\/index.php\/wp-json\/wp\/v2\/types\/post"}],"author":[{"embeddable":true,"href":"https:\/\/www.acapulcopress.com\/index.php\/wp-json\/wp\/v2\/users\/2"}],"replies":[{"embeddable":true,"href":"https:\/\/www.acapulcopress.com\/index.php\/wp-json\/wp\/v2\/comments?post=1220000"}],"version-history":[{"count":0,"href":"https:\/\/www.acapulcopress.com\/index.php\/wp-json\/wp\/v2\/posts\/1220000\/revisions"}],"wp:featuredmedia":[{"embeddable":true,"href":"https:\/\/www.acapulcopress.com\/index.php\/wp-json\/"}],"wp:attachment":[{"href":"https:\/\/www.acapulcopress.com\/index.php\/wp-json\/wp\/v2\/media?parent=1220000"}],"wp:term":[{"taxonomy":"category","embeddable":true,"href":"https:\/\/www.acapulcopress.com\/index.php\/wp-json\/wp\/v2\/categories?post=1220000"},{"taxonomy":"post_tag","embeddable":true,"href":"https:\/\/www.acapulcopress.com\/index.php\/wp-json\/wp\/v2\/tags?post=1220000"}],"curies":[{"name":"wp","href":"https:\/\/api.w.org\/{rel}","templated":true}]}}