{"id":1220006,"date":"2021-01-26T23:52:53","date_gmt":"2021-01-27T05:52:53","guid":{"rendered":"https:\/\/www.acapulcopress.com\/?p=1220006"},"modified":"2021-01-26T23:52:53","modified_gmt":"2021-01-27T05:52:53","slug":"sin-colaboracion-de-poblacion-ningun-esfuerzo-es-suficiente-contra-covid19-hector-astudillo","status":"publish","type":"post","link":"https:\/\/www.acapulcopress.com\/index.php\/2021\/01\/26\/sin-colaboracion-de-poblacion-ningun-esfuerzo-es-suficiente-contra-covid19-hector-astudillo\/","title":{"rendered":"Sin colaboraci\u00f3n de poblaci\u00f3n ning\u00fan esfuerzo es suficiente contra Covid19 | Astudillo"},"content":{"rendered":"<p style=\"text-align: justify;\">ACAPULCO. * 26 de enero de 2021.<br \/>\n<em>] Gobierno de Guerrero.<\/em><\/p>\n<p style=\"text-align: justify;\">Todos los d\u00edas mantenemos coordinaci\u00f3n estrecha con las instituciones federales y los ayuntamientos para dar seguimiento a la ruta integral de atenci\u00f3n al Covid-19, inform\u00f3 el gobernador H\u00e9ctor Astudillo Flores, quien mediante un enlace desde Ciudad de M\u00e9xico explic\u00f3 que a trav\u00e9s de la Mesa de Coordinaci\u00f3n para la Construcci\u00f3n de la Paz, se mantiene una comunicaci\u00f3n permanente con los alcaldes a fin de establecer cu\u00e1les son las acciones a implementar, particularmente en la situaci\u00f3n que se registra por el aumento en los distintos indicadores relacionados con la pandemia.<\/p>\n<p style=\"text-align: justify;\">Se\u00f1al\u00f3 que \u201cel tema del Covid sigue siendo muy importante\u201d y pidi\u00f3 a la poblaci\u00f3n mantenerse colaborativa y atenta ante la situaci\u00f3n que se vive; exhort\u00f3 a la ciudadan\u00eda a seguir los cuidados preventivos, destacando la importancia del uso del cubreboca, la sana distancia, el lavado constante de manos, no asistir a lugares con aglomeraciones, pero sobre todo, la responsabilidad de cada uno.<\/p>\n<p style=\"text-align: justify;\">Astudillo Flores se\u00f1al\u00f3 que Guerrero vive \u201cmomentos tambi\u00e9n ya dif\u00edciles\u201d, por lo que la participaci\u00f3n de los guerrerenses es fundamental para hacer la diferencia.<\/p>\n<p style=\"text-align: justify;\">Por otra parte, durante la transmisi\u00f3n diaria sobre el Covid-19 en la entidad, el jefe de la Oficina del Gobernador, Alejandro Bravo Abarca detall\u00f3 que desde estas reuniones, el gobierno del estado se prepara, junto con las diversas corporaciones como la Secretar\u00eda de la Defensa Nacional (Sedena) y la Secretar\u00eda de Marina, para intensificar los operativos y vigilar que se respeten las medidas sanitarias. Dijo que ante el aumento en los indicadores, como son los contagios, hospitalizaciones y defunciones, es necesario redoblar los esfuerzos y medidas, as\u00ed como duplicar los operativos que se tienen, lograr resultados positivos.<\/p>\n<p style=\"text-align: justify;\">\u201cPero todas esas medidas requieren, requieren de tu cooperaci\u00f3n; requieren en que guardes la sana instancia, que no acudas a lugares cerrados, que te laves frecuentemente las manos con agua y jab\u00f3n y que todos, todos pongamos de nuestra parte porque de otra manera el problema va a continuar. La pandemia sigue y tenemos que hacer conciencia y ser corresponsables todas y todos\u201d, dijo.<\/p>\n<p style=\"text-align: justify;\">*Los n\u00fameros del Covid-19 y las recomendaciones*<\/p>\n<p style=\"text-align: justify;\">En su participaci\u00f3n, el secretario de Salud, Carlos de la Pe\u00f1a Pintos recomend\u00f3 una vez m\u00e1s seguir puntualmente las recomendaciones en torno al cuidado sanitario, poniendo especial \u00e9nfasis en el tema del distanciamiento f\u00edsico y evitar las visitas familiares, as\u00ed como la organizaci\u00f3n de fiestas.<\/p>\n<p style=\"text-align: justify;\">\u201cEstamos en una etapa cr\u00edtica; el gobernador ha convocado a esta participaci\u00f3n activa de colaboraci\u00f3n, sobre todo en los lugares como los mercados, el transporte p\u00fablico y evitar las aglomeraciones, evitar los lugares cerrados. Entonces s\u00ed hay que tomar muy en cuenta y la necesidad de utilizar el cubrebocas, de evitar lugares cerrados, evitar las aglomeraciones y que verdaderamente el distanciamiento social se traduzca en distanciamiento f\u00edsico y en distanciamiento familiar; desafortunadamente as\u00ed es, evitar las visitas y evitar las fiestas\u201d, explic\u00f3.<\/p>\n<p style=\"text-align: justify;\">De acuerdo a los n\u00fameros, hasta este martes, el estado acumula 30 mil 204 casos confirmados y 2 mil 971 defunciones; hay 310 casos nuevos y un comportamiento ondulante que se mantiene de manera ascendente. Se tiene un registro de mil 132 casos activos, teniendo mayor presencia en municipios como Acapulco, Chilpancingo, Iguala, Taxco y Zihuatanejo.<\/p>\n<p style=\"text-align: justify;\">En cuanto a pacientes hospitalizados, hay 453 de los cuales 77 se encuentran en estado cr\u00edtico; destac\u00f3 un aumento con contagio acelerado en lo que va de los \u00faltimos d\u00edas de diciembre a la fecha. Inform\u00f3 que en enero se mantiene un promedio de 20.8 defunciones diarias y en relaci\u00f3n a la ocupaci\u00f3n hospitalaria, hay un 64%, por arriba de la media nacional, que es de 60; mientras que en atenci\u00f3n a pacientes intubados, hay una ocupaci\u00f3n del 38%, por debajo de la media nacional, que es de 53%.<\/p>\n","protected":false},"excerpt":{"rendered":"<p>ACAPULCO. * 26 de enero de 2021. ] Gobierno de Guerrero. Todos los d\u00edas mantenemos coordinaci\u00f3n estrecha con las instituciones federales y los ayuntamientos para dar seguimiento a la ruta integral de atenci\u00f3n al Covid-19, inform\u00f3 el gobernador H\u00e9ctor Astudillo Flores, quien mediante un enlace desde Ciudad de M\u00e9xico explic\u00f3 que a trav\u00e9s de la&#8230;<\/p>\n","protected":false},"author":2,"featured_media":1220007,"comment_status":"closed","ping_status":"closed","sticky":false,"template":"","format":"standard","meta":{"footnotes":""},"categories":[18573,1983],"tags":[6705,9302,9705,12964,16421],"class_list":["post-1220006","post","type-post","status-publish","format-standard","has-post-thumbnail","hentry","category-goverment","category-guerrerogob","tag-covid19","tag-gobierno-de-guerrero","tag-hector-astudillo-flores","tag-mesa-de-coordinacion-para-la-construccion-de-la-paz","tag-semaforo-de-riesgo-covid19"],"_links":{"self":[{"href":"https:\/\/www.acapulcopress.com\/index.php\/wp-json\/wp\/v2\/posts\/1220006","targetHints":{"allow":["GET"]}}],"collection":[{"href":"https:\/\/www.acapulcopress.com\/index.php\/wp-json\/wp\/v2\/posts"}],"about":[{"href":"https:\/\/www.acapulcopress.com\/index.php\/wp-json\/wp\/v2\/types\/post"}],"author":[{"embeddable":true,"href":"https:\/\/www.acapulcopress.com\/index.php\/wp-json\/wp\/v2\/users\/2"}],"replies":[{"embeddable":true,"href":"https:\/\/www.acapulcopress.com\/index.php\/wp-json\/wp\/v2\/comments?post=1220006"}],"version-history":[{"count":0,"href":"https:\/\/www.acapulcopress.com\/index.php\/wp-json\/wp\/v2\/posts\/1220006\/revisions"}],"wp:featuredmedia":[{"embeddable":true,"href":"https:\/\/www.acapulcopress.com\/index.php\/wp-json\/"}],"wp:attachment":[{"href":"https:\/\/www.acapulcopress.com\/index.php\/wp-json\/wp\/v2\/media?parent=1220006"}],"wp:term":[{"taxonomy":"category","embeddable":true,"href":"https:\/\/www.acapulcopress.com\/index.php\/wp-json\/wp\/v2\/categories?post=1220006"},{"taxonomy":"post_tag","embeddable":true,"href":"https:\/\/www.acapulcopress.com\/index.php\/wp-json\/wp\/v2\/tags?post=1220006"}],"curies":[{"name":"wp","href":"https:\/\/api.w.org\/{rel}","templated":true}]}}