{"id":1220013,"date":"2021-01-27T00:08:18","date_gmt":"2021-01-27T06:08:18","guid":{"rendered":"https:\/\/www.acapulcopress.com\/?p=1220013"},"modified":"2021-01-27T00:08:18","modified_gmt":"2021-01-27T06:08:18","slug":"la-salud-de-los-presidentes","status":"publish","type":"post","link":"https:\/\/www.acapulcopress.com\/index.php\/2021\/01\/27\/la-salud-de-los-presidentes\/","title":{"rendered":"La salud de los presidentes"},"content":{"rendered":"<p style=\"text-align: justify;\"><strong>\u00bb Juli\u00e1n Andrade.<\/strong><br \/>\n<em>] <a href=\"https:\/\/www.forbes.com.mx\/la-salud-de-los-presidentes\/\" target=\"_blank\" rel=\"noopener\">Forbes<\/a>.<\/em><\/p>\n<p style=\"text-align: justify;\">La salud de los presidentes es un asunto de Seguridad Nacional. Esto es as\u00ed, porque la integridad de los mandatarios, colaboradores y familia tiene que ser garantizada en todo momento.<\/p>\n<p style=\"text-align: justify;\">En el pasado, en nuestro pa\u00eds, exist\u00edan protocolos bastante exigentes y estos eran supervisados por el Estado Mayor, cuyos elementos se ocupaban de que existieran las herramientas de atenci\u00f3n en todo momento: rutas para acudir a hospitales, avisos tempranos de emergencias, tipos de sangre, ambulancias, entre otros aspectos.<\/p>\n<p style=\"text-align: justify;\">En la actualidad todo esto se complica y no solo porque el Estado Mayor desapareci\u00f3, sino porque hay un desprecio por la log\u00edstica y los modelos que permiten dotar de seguridad a los funcionarios.<\/p>\n<p style=\"text-align: justify;\">Se considera, de modo err\u00f3neo, que aquellas instituciones eran puro oropel, cuando en realidad son necesarias y por ello existen en todo el mundo.<\/p>\n<p style=\"text-align: justify;\">Cualquiera est\u00e1 expuesto a contagiarse de Covid-19 y por ello es que se toman precauciones, como son el distanciamiento social, el lavado frecuente de manos, el estornudo de etiqueta y el uso del cubrebocas y cuando se pueda, la vacunaci\u00f3n.<\/p>\n<p style=\"text-align: justify;\">Apenas este domingo, el presidente Andr\u00e9s Manuel L\u00f3pez Obrador inform\u00f3 que result\u00f3 positivo en las pruebas para detectar el virus e inici\u00f3 su tratamiento m\u00e9dico de inmediato.<\/p>\n<p style=\"text-align: justify;\">Es importante que se recupere y que vuelva a sus actividades pronto, pero ojal\u00e1 que lo haga bajo otra l\u00f3gica y con asesores distintos a los que ha tenido a lo largo de la pandemia.<\/p>\n<p style=\"text-align: justify;\">Es un momento en el que podr\u00eda impulsar de forma decidida el uso del cubrebocas y advertir de los riesgos de no hacerlo ante una pandemia que est\u00e1 fuera de control y de la que no hemos visto, por desgracia, sus peores momentos.<\/p>\n<p style=\"text-align: justify;\">Tambi\u00e9n ser\u00eda oportuno revisar c\u00f3mo est\u00e1n funcionando las \u00e1reas de Seguridad Nacional, para que el propio mandatario est\u00e9 cobijado por profesionales que lo protejan de la manera adecuada. No puede ser que no tenga a su lado a funcionarios con agallas para hacerle ver las cosas y mostrarle los caminos a seguir.<\/p>\n<p style=\"text-align: justify;\">Si se ve en perspectiva, el contagio muestra a un entorno presidencial m\u00e1s preocupado por complacerlo que por cuidarlo y ello no deja de ser inquietante y preocupante a la vez.<\/p>\n<p style=\"text-align: justify;\">Sin duda el presidente L\u00f3pez Obrador toma las decisiones y es dif\u00edcil que cambie de ideas, pero le hicieron falta m\u00e9dicos m\u00e1s comprometidos con sus tareas escenciales que con la pol\u00edtica.<\/p>\n<p style=\"text-align: justify;\">Esta experiencia debiera servir para dejar en claro que hay aspectos en los que la voluntad del servidor p\u00fablico, poderoso que sea, tiene que dejarse de lado para no vulnerar su propia seguridad, la del pa\u00eds mismo y la gobernabilidad.<\/p>\n<p style=\"text-align: justify;\">La salud del presidente, insisto, es un tema de las m\u00e1s alta prioridad y ojal\u00e1 haya quedo muy claro.<\/p>\n","protected":false},"excerpt":{"rendered":"<p>\u00bb Juli\u00e1n Andrade. ] Forbes. La salud de los presidentes es un asunto de Seguridad Nacional. Esto es as\u00ed, porque la integridad de los mandatarios, colaboradores y familia tiene que ser garantizada en todo momento. En el pasado, en nuestro pa\u00eds, exist\u00edan protocolos bastante exigentes y estos eran supervisados por el Estado Mayor, cuyos elementos&#8230;<\/p>\n","protected":false},"author":2,"featured_media":1217501,"comment_status":"closed","ping_status":"closed","sticky":false,"template":"","format":"standard","meta":{"footnotes":""},"categories":[2071,1991],"tags":[3799],"class_list":["post-1220013","post","type-post","status-publish","format-standard","has-post-thumbnail","hentry","category-opinion-analisis-columnas","category-libertad-de-expresion","tag-amlo-covid19"],"_links":{"self":[{"href":"https:\/\/www.acapulcopress.com\/index.php\/wp-json\/wp\/v2\/posts\/1220013","targetHints":{"allow":["GET"]}}],"collection":[{"href":"https:\/\/www.acapulcopress.com\/index.php\/wp-json\/wp\/v2\/posts"}],"about":[{"href":"https:\/\/www.acapulcopress.com\/index.php\/wp-json\/wp\/v2\/types\/post"}],"author":[{"embeddable":true,"href":"https:\/\/www.acapulcopress.com\/index.php\/wp-json\/wp\/v2\/users\/2"}],"replies":[{"embeddable":true,"href":"https:\/\/www.acapulcopress.com\/index.php\/wp-json\/wp\/v2\/comments?post=1220013"}],"version-history":[{"count":0,"href":"https:\/\/www.acapulcopress.com\/index.php\/wp-json\/wp\/v2\/posts\/1220013\/revisions"}],"wp:featuredmedia":[{"embeddable":true,"href":"https:\/\/www.acapulcopress.com\/index.php\/wp-json\/"}],"wp:attachment":[{"href":"https:\/\/www.acapulcopress.com\/index.php\/wp-json\/wp\/v2\/media?parent=1220013"}],"wp:term":[{"taxonomy":"category","embeddable":true,"href":"https:\/\/www.acapulcopress.com\/index.php\/wp-json\/wp\/v2\/categories?post=1220013"},{"taxonomy":"post_tag","embeddable":true,"href":"https:\/\/www.acapulcopress.com\/index.php\/wp-json\/wp\/v2\/tags?post=1220013"}],"curies":[{"name":"wp","href":"https:\/\/api.w.org\/{rel}","templated":true}]}}