{"id":1220028,"date":"2021-01-27T19:02:12","date_gmt":"2021-01-28T01:02:12","guid":{"rendered":"https:\/\/www.acapulcopress.com\/?p=1220028"},"modified":"2021-01-27T19:02:12","modified_gmt":"2021-01-28T01:02:12","slug":"por-semaforo-rojo-cancela-mario-giras-en-regiones-norte-y-tierra-caliente","status":"publish","type":"post","link":"https:\/\/www.acapulcopress.com\/index.php\/2021\/01\/27\/por-semaforo-rojo-cancela-mario-giras-en-regiones-norte-y-tierra-caliente\/","title":{"rendered":"Por &#8216;sem\u00e1foro rojo&#8217; cancela #Mario giras en regiones Norte y Tierra Caliente"},"content":{"rendered":"<p style=\"text-align: justify;\">CHILPANCINGO. * 27 de enero de 2021.<br \/>\n<em>] Especial.<\/em><\/p>\n<p style=\"text-align: justify;\">Mario Moreno Arcos convoc\u00f3 a todos los actores y partidos pol\u00edticos a limitar de inmediato sus actividades, luego de que el gobernador H\u00e9ctor Astudillo Flores, anunciara la tarde de este mi\u00e9rcoles que Guerrero regresar\u00e1 al color rojo del Sem\u00e1foro Epidemiol\u00f3gico Nacional (SEN) por Covid-19.<\/p>\n<p style=\"text-align: justify;\">\u201cDesde aqu\u00ed me sumo al llamado del gobernador H\u00e9ctor Astudillo, suspendiendo de inmediato toda actividad que ponga en riesgo a la gente, haciendo hincapi\u00e9 en la importancia de cuidarnos y extremar las medidas sanitarias para disminuir la curva de contagios\u201d.<\/p>\n<p style=\"text-align: justify;\">Inform\u00f3 que \u00aben un acto de responsabilidad ciudadana y congruencia pol\u00edtica\u00bb, ha cancelado las actividades que ten\u00eda programadas para este pr\u00f3ximo fin de semana en varios municipios de las regiones Norte y Tierra Caliente del Estado.<\/p>\n<p style=\"text-align: justify;\">\u201cQuienes aspiramos a trabajar por un Guerrero mejor, debemos ser responsables y anteponer la salud de nuestros paisanos a cualquier otro inter\u00e9s pol\u00edtico o personal, haciendo un frente com\u00fan para luchar contra esta terrible pandemia\u201d, dijo.<\/p>\n<p style=\"text-align: justify;\">Al respecto, Moreno Arcos anunci\u00f3 que se sujetar\u00e1 a las indicaciones de las autoridades sanitarias de los tres niveles de gobierno limitando o cancelando actividades que conlleven riesgos para la poblaci\u00f3n, entre ellas las reuniones con la militancia.<\/p>\n<p style=\"text-align: justify;\">Asimismo, hizo un llamado a la poblaci\u00f3n a extremar las precauciones, a acatar los protocolos sanitarios establecidos, y a hacer uso responsable del cubre bocas, la sana distancia y lavado constante de manos, entre otros.<\/p>\n<p style=\"text-align: justify;\">\u201cEstamos en una din\u00e1mica muy complicada porque se han incrementado de manera alarmante los contagios y decesos\u201d.<\/p>\n<p style=\"text-align: justify;\">Por ello, \u201cactuaremos con mucha responsabilidad ya que es pr\u00e1cticamente imposible evitar que los eventos se desborden a pesar de las medidas sanitarias que se han aplicado en cada encuentro, debido al entusiasmo de la gente que nos acompa\u00f1a; tenemos el deber de actuar contundentemente\u201d.<\/p>\n<p style=\"text-align: justify;\">Manifest\u00f3 tambi\u00e9n, que al estar en un riesgo m\u00e1ximo de contagio, lo que implica el color rojo del SEN, todos los actores y partidos pol\u00edticos deben actuar con mucha responsabilidad para evitar una mayor propagaci\u00f3n que agrave la crisis sanitaria y reiter\u00f3 su solidaridad con las personas que han sufrido el contagio, quienes lo viven ahora y a quienes han perdido a un ser querido a los que dijo \u201cNo est\u00e1n ni estar\u00e1n solas ni solos\u201d, finaliz\u00f3.<\/p>\n","protected":false},"excerpt":{"rendered":"<p>CHILPANCINGO. * 27 de enero de 2021. ] Especial. Mario Moreno Arcos convoc\u00f3 a todos los actores y partidos pol\u00edticos a limitar de inmediato sus actividades, luego de que el gobernador H\u00e9ctor Astudillo Flores, anunciara la tarde de este mi\u00e9rcoles que Guerrero regresar\u00e1 al color rojo del Sem\u00e1foro Epidemiol\u00f3gico Nacional (SEN) por Covid-19. \u201cDesde aqu\u00ed&#8230;<\/p>\n","protected":false},"author":2,"featured_media":1220031,"comment_status":"closed","ping_status":"closed","sticky":false,"template":"","format":"standard","meta":{"footnotes":""},"categories":[2024,18561],"tags":[6705,9302,12685,14914,16427],"class_list":["post-1220028","post","type-post","status-publish","format-standard","has-post-thumbnail","hentry","category-politica-activism","category-society-politics","tag-covid19","tag-gobierno-de-guerrero","tag-mario-moreno-arcos","tag-pri","tag-semaforo-epidemiologico-nacional-sen"],"_links":{"self":[{"href":"https:\/\/www.acapulcopress.com\/index.php\/wp-json\/wp\/v2\/posts\/1220028","targetHints":{"allow":["GET"]}}],"collection":[{"href":"https:\/\/www.acapulcopress.com\/index.php\/wp-json\/wp\/v2\/posts"}],"about":[{"href":"https:\/\/www.acapulcopress.com\/index.php\/wp-json\/wp\/v2\/types\/post"}],"author":[{"embeddable":true,"href":"https:\/\/www.acapulcopress.com\/index.php\/wp-json\/wp\/v2\/users\/2"}],"replies":[{"embeddable":true,"href":"https:\/\/www.acapulcopress.com\/index.php\/wp-json\/wp\/v2\/comments?post=1220028"}],"version-history":[{"count":0,"href":"https:\/\/www.acapulcopress.com\/index.php\/wp-json\/wp\/v2\/posts\/1220028\/revisions"}],"wp:featuredmedia":[{"embeddable":true,"href":"https:\/\/www.acapulcopress.com\/index.php\/wp-json\/"}],"wp:attachment":[{"href":"https:\/\/www.acapulcopress.com\/index.php\/wp-json\/wp\/v2\/media?parent=1220028"}],"wp:term":[{"taxonomy":"category","embeddable":true,"href":"https:\/\/www.acapulcopress.com\/index.php\/wp-json\/wp\/v2\/categories?post=1220028"},{"taxonomy":"post_tag","embeddable":true,"href":"https:\/\/www.acapulcopress.com\/index.php\/wp-json\/wp\/v2\/tags?post=1220028"}],"curies":[{"name":"wp","href":"https:\/\/api.w.org\/{rel}","templated":true}]}}