{"id":1220040,"date":"2021-01-27T19:26:03","date_gmt":"2021-01-28T01:26:03","guid":{"rendered":"https:\/\/www.acapulcopress.com\/?p=1220040"},"modified":"2021-01-27T19:26:03","modified_gmt":"2021-01-28T01:26:03","slug":"entrega-astudillo-computadoras-y-proyectores-a-alumnos-y-maestros-de-alpoyeca","status":"publish","type":"post","link":"https:\/\/www.acapulcopress.com\/index.php\/2021\/01\/27\/entrega-astudillo-computadoras-y-proyectores-a-alumnos-y-maestros-de-alpoyeca\/","title":{"rendered":"Entrega Astudillo computadoras y proyectores a alumnos y maestros de Alpoyeca"},"content":{"rendered":"<p style=\"text-align: justify;\">CHILPANCINGO. * 27 de enero de 2021.<br \/>\n<em>] Gobierno de Guerrero.<\/em><\/p>\n<p style=\"text-align: justify;\">En cumplimiento a su palabra empe\u00f1ada el pasado 23 de diciembre con los alumnos y maestros de la escuela primaria Juan Ru\u00edz de Alarc\u00f3n de Alpoyeca, en la regi\u00f3n de la Monta\u00f1a, el gobernador H\u00e9ctor Astudillo Flores les entreg\u00f3 20 equipos de c\u00f3mputo y 6 proyectores.<\/p>\n<p style=\"text-align: justify;\">En el evento realizado esta ma\u00f1ana en Casa Guerrero, el mandatario estatal ratific\u00f3 su compromiso con la educaci\u00f3n de los ni\u00f1os y j\u00f3venes guerrerenses, \u201cme siento muy complacido de cumplir con los compromisos, de entregar este tipo de apoyos\u201d.<\/p>\n<p style=\"text-align: justify;\">Por su parte, la directora de la escuela primaria Juan Ru\u00edz de Alarc\u00f3n, Martha Ram\u00edrez Navarrete, a nombre de los estudiantes y maestros, agradeci\u00f3 la entrega de los equipos, \u201cmuchas gracias gobernador por tan valioso apoyo, que es tan necesario para los alumnos\u201d<\/p>\n<p style=\"text-align: justify;\">Asimismo, el director de Educaci\u00f3n de Alpoyeca, Enrique Ram\u00edrez L\u00f3pez, dijo al Ejecutivo Estatal que el trabajo que realiza para los guerrerenses es bien visto y aceptado por la mayor\u00eda, \u201csabemos del esfuerzo y empe\u00f1o que le pone d\u00eda a d\u00eda a su trabajo, y que gracias a su capacidad y a su esfuerzo hoy Guerrero est\u00e1 en otras circunstancias\u201d.<\/p>\n<p style=\"text-align: justify;\">Y resalt\u00f3 que en Guerrero los \u00edndices delictivos se han reducido significativamente, \u201cy eso nos enorgullece de tener un gobernador tan capaz\u201d.<\/p>\n","protected":false},"excerpt":{"rendered":"<p>CHILPANCINGO. * 27 de enero de 2021. ] Gobierno de Guerrero. En cumplimiento a su palabra empe\u00f1ada el pasado 23 de diciembre con los alumnos y maestros de la escuela primaria Juan Ru\u00edz de Alarc\u00f3n de Alpoyeca, en la regi\u00f3n de la Monta\u00f1a, el gobernador H\u00e9ctor Astudillo Flores les entreg\u00f3 20 equipos de c\u00f3mputo y&#8230;<\/p>\n","protected":false},"author":2,"featured_media":1220041,"comment_status":"closed","ping_status":"closed","sticky":false,"template":"","format":"standard","meta":{"footnotes":""},"categories":[18573,1983],"tags":[6705,9302,9705,12964,16421],"class_list":["post-1220040","post","type-post","status-publish","format-standard","has-post-thumbnail","hentry","category-goverment","category-guerrerogob","tag-covid19","tag-gobierno-de-guerrero","tag-hector-astudillo-flores","tag-mesa-de-coordinacion-para-la-construccion-de-la-paz","tag-semaforo-de-riesgo-covid19"],"_links":{"self":[{"href":"https:\/\/www.acapulcopress.com\/index.php\/wp-json\/wp\/v2\/posts\/1220040","targetHints":{"allow":["GET"]}}],"collection":[{"href":"https:\/\/www.acapulcopress.com\/index.php\/wp-json\/wp\/v2\/posts"}],"about":[{"href":"https:\/\/www.acapulcopress.com\/index.php\/wp-json\/wp\/v2\/types\/post"}],"author":[{"embeddable":true,"href":"https:\/\/www.acapulcopress.com\/index.php\/wp-json\/wp\/v2\/users\/2"}],"replies":[{"embeddable":true,"href":"https:\/\/www.acapulcopress.com\/index.php\/wp-json\/wp\/v2\/comments?post=1220040"}],"version-history":[{"count":0,"href":"https:\/\/www.acapulcopress.com\/index.php\/wp-json\/wp\/v2\/posts\/1220040\/revisions"}],"wp:featuredmedia":[{"embeddable":true,"href":"https:\/\/www.acapulcopress.com\/index.php\/wp-json\/"}],"wp:attachment":[{"href":"https:\/\/www.acapulcopress.com\/index.php\/wp-json\/wp\/v2\/media?parent=1220040"}],"wp:term":[{"taxonomy":"category","embeddable":true,"href":"https:\/\/www.acapulcopress.com\/index.php\/wp-json\/wp\/v2\/categories?post=1220040"},{"taxonomy":"post_tag","embeddable":true,"href":"https:\/\/www.acapulcopress.com\/index.php\/wp-json\/wp\/v2\/tags?post=1220040"}],"curies":[{"name":"wp","href":"https:\/\/api.w.org\/{rel}","templated":true}]}}