{"id":1220046,"date":"2021-01-27T19:39:25","date_gmt":"2021-01-28T01:39:25","guid":{"rendered":"https:\/\/www.acapulcopress.com\/?p=1220046"},"modified":"2021-01-27T19:39:25","modified_gmt":"2021-01-28T01:39:25","slug":"guerrero-le-seguira-apostando-a-la-unidad-nacional-para-superar-los-retos-que-enfrenta","status":"publish","type":"post","link":"https:\/\/www.acapulcopress.com\/index.php\/2021\/01\/27\/guerrero-le-seguira-apostando-a-la-unidad-nacional-para-superar-los-retos-que-enfrenta\/","title":{"rendered":"Guerrero seguir\u00e1 apostando a la unidad nacional para superar sus retos | Astudillo"},"content":{"rendered":"<p style=\"text-align: justify;\">CHILPANCINGO. * 27 de enero de 2021.<br \/>\n<em>] Gobierno de Guerrero.<\/em><\/p>\n<p style=\"text-align: justify;\">Al encabezar la ceremonia en el marco del 231 aniversario del natalicio del fundador del estado de Guerrero, Juan \u00c1lvarez Hurtado, el gobernador H\u00e9ctor Astudillo Flores reiter\u00f3 que su gobierno seguir\u00e1 en la senda de la colaboraci\u00f3n institucional con los poderes del estado y con los \u00f3rdenes de gobierno para superar los retos y retomar el camino del crecimiento econ\u00f3mico, con mayores inversiones y empleos bien remunerados.<\/p>\n<p style=\"text-align: justify;\">Tras develar el monumento en honor al general \u00c1lvarez Hurtado, cuya obra fue realizada por el escultor guerrerense, Miguel \u00c1ngel Rivero, frente al general\u00edsimo Jos\u00e9 Mar\u00eda Morelos y Pav\u00f3n, el titular de Ejecutivo guerrerense <img loading=\"lazy\" decoding=\"async\" class=\"alignleft wp-image-1220048 \" src=\"https:\/\/www.acapulco.press\/wp-content\/uploads\/2021\/01\/haf-leyes.jpeg\" alt=\"\" width=\"375\" height=\"563\" \/>manifest\u00f3 que se rinde homenaje al pr\u00f3cer suriano, acci\u00f3n que se suma a la memoria cultural de los guerrerenses para afianzar nuestra identidad nacional y valores patri\u00f3ticos.<\/p>\n<p style=\"text-align: justify;\">\u201cDesde Guerrero contribuimos a la unidad nacional, pues sin esa condici\u00f3n ser\u00e1 muy dif\u00edcil resolver nuestros problemas.<\/p>\n<p style=\"text-align: justify;\">Honremos la memoria y sigamos el ejemplo de Juan \u00c1lvarez para que nuestro querido estado contin\u00fae siendo la tierra de patriotas que siempre ha sido, y tambi\u00e9n un lugar de oportunidades y bienestar para todos sin excepci\u00f3n\u201d, enfatiz\u00f3 H\u00e9ctor Astudillo.<\/p>\n<p style=\"text-align: justify;\">En el mensaje oficial, Astudillo Flores record\u00f3 que Juan \u00c1lvarez, oriundo de Atoyac, luch\u00f3 contra la intervenci\u00f3n estadounidense en 1847; fue el primer gobernador de Guerrero y Presidente Provisional de la Rep\u00fablica en 1855. Convoc\u00f3 al Congreso de la Uni\u00f3n para elaborar la Constituci\u00f3n de 1857; gran aporte a la historia de M\u00e9xico.<\/p>\n<p style=\"text-align: justify;\">Detall\u00f3 que la obra militar y pol\u00edtica de Juan \u00c1lvarez se desarroll\u00f3 en cinco fases sucesivas: la Ilustraci\u00f3n, la Independencia, el liberalismo militante, la rebeli\u00f3n de Ayutla y las primeras Leyes de Reforma.<\/p>\n<p style=\"text-align: justify;\">Tras el izamiento y honores a la bandera, se llev\u00f3 a cabo la develaci\u00f3n del monumento a Juan \u00c1lvarez Hurtado, as\u00ed como la colocaci\u00f3n de una ofrenda y guardia de honor.<\/p>\n<p style=\"text-align: justify;\">Como parte de esta ceremonia, la banda sinf\u00f3nica de la Novena Regi\u00f3n Militar deleit\u00f3 a los presentes con sus piezas musicales.<\/p>\n<p style=\"text-align: justify;\">\u201cDe esta forma simbolizamos el tama\u00f1o de nuestra gratitud por la herencia hist\u00f3rica y pol\u00edtica de don Juan \u00c1lvarez, que merece ser recordado por las futuras generaciones de guerrerenses en sus ideas de patria, libertad y justicia\u201d, apunt\u00f3 el ejecutivo guerrerense.<\/p>\n<p style=\"text-align: justify;\">En su intervenci\u00f3n, el presidente municipal de Chilpancingo, Antonio Gaspar Beltr\u00e1n manifest\u00f3 que cuando la pandemia lo permita, visitar el z\u00f3calo capitalino ir\u00e1 m\u00e1s all\u00e1 de salir a pasear y disfrutar con los seres queridos, pues ahora ser\u00e1 tener un encuentro con la propia historia del M\u00e9xico independiente, con los personajes ilustres que han construido al estado mexicano como el General Juan \u00c1lvarez Hurtado.<\/p>\n<p style=\"text-align: justify;\">En la ceremonia tambi\u00e9n estuvieron la presidenta de la Mesa Directiva del Congreso local, Eunice Monz\u00f3n Garc\u00eda; el presidente del Tribunal Superior de Justicia, Alberto L\u00f3pez Celis; el comandante de la Novena Regi\u00f3n Militar, Eufemio Ibarra Flores; el comandante de la Octava Regi\u00f3n Naval, Francisco Limas L\u00f3pez; el comandante de la 35 zona militar, Miguel \u00c1ngel Aguirre Lara; el coordinador Estatal de la Gardia Macional Lucio Vergara G\u00f3mez; el secretario General de Gobierno, Florencio Salazar Adame; el secretario de Finanzas y Administraci\u00f3n, Tulio Samuel P\u00e9rez Calvo; as\u00ed como el delegado Federal, Iv\u00e1n Hern\u00e1ndez D\u00edaz y el escultor, Miguel \u00c1ngel Rivero.<\/p>\n","protected":false},"excerpt":{"rendered":"<p>CHILPANCINGO. * 27 de enero de 2021. ] Gobierno de Guerrero. Al encabezar la ceremonia en el marco del 231 aniversario del natalicio del fundador del estado de Guerrero, Juan \u00c1lvarez Hurtado, el gobernador H\u00e9ctor Astudillo Flores reiter\u00f3 que su gobierno seguir\u00e1 en la senda de la colaboraci\u00f3n institucional con los poderes del estado y&#8230;<\/p>\n","protected":false},"author":2,"featured_media":1220047,"comment_status":"closed","ping_status":"closed","sticky":false,"template":"","format":"standard","meta":{"footnotes":""},"categories":[18573,1983],"tags":[6705,9302,9705,11911,12964,16421],"class_list":["post-1220046","post","type-post","status-publish","format-standard","has-post-thumbnail","hentry","category-goverment","category-guerrerogob","tag-covid19","tag-gobierno-de-guerrero","tag-hector-astudillo-flores","tag-leyes-de-reforma","tag-mesa-de-coordinacion-para-la-construccion-de-la-paz","tag-semaforo-de-riesgo-covid19"],"_links":{"self":[{"href":"https:\/\/www.acapulcopress.com\/index.php\/wp-json\/wp\/v2\/posts\/1220046","targetHints":{"allow":["GET"]}}],"collection":[{"href":"https:\/\/www.acapulcopress.com\/index.php\/wp-json\/wp\/v2\/posts"}],"about":[{"href":"https:\/\/www.acapulcopress.com\/index.php\/wp-json\/wp\/v2\/types\/post"}],"author":[{"embeddable":true,"href":"https:\/\/www.acapulcopress.com\/index.php\/wp-json\/wp\/v2\/users\/2"}],"replies":[{"embeddable":true,"href":"https:\/\/www.acapulcopress.com\/index.php\/wp-json\/wp\/v2\/comments?post=1220046"}],"version-history":[{"count":0,"href":"https:\/\/www.acapulcopress.com\/index.php\/wp-json\/wp\/v2\/posts\/1220046\/revisions"}],"wp:featuredmedia":[{"embeddable":true,"href":"https:\/\/www.acapulcopress.com\/index.php\/wp-json\/"}],"wp:attachment":[{"href":"https:\/\/www.acapulcopress.com\/index.php\/wp-json\/wp\/v2\/media?parent=1220046"}],"wp:term":[{"taxonomy":"category","embeddable":true,"href":"https:\/\/www.acapulcopress.com\/index.php\/wp-json\/wp\/v2\/categories?post=1220046"},{"taxonomy":"post_tag","embeddable":true,"href":"https:\/\/www.acapulcopress.com\/index.php\/wp-json\/wp\/v2\/tags?post=1220046"}],"curies":[{"name":"wp","href":"https:\/\/api.w.org\/{rel}","templated":true}]}}