{"id":1220069,"date":"2021-01-27T21:50:21","date_gmt":"2021-01-28T03:50:21","guid":{"rendered":"https:\/\/www.acapulcopress.com\/?p=1220069"},"modified":"2021-01-27T21:50:21","modified_gmt":"2021-01-28T03:50:21","slug":"fge-a-captura-dos-violadores-y-vincula-a-proceso-a-un-secuestrador","status":"publish","type":"post","link":"https:\/\/www.acapulcopress.com\/index.php\/2021\/01\/27\/fge-a-captura-dos-violadores-y-vincula-a-proceso-a-un-secuestrador\/","title":{"rendered":"FGE a captura dos violadores y vincula a proceso a un secuestrador"},"content":{"rendered":"<p style=\"text-align: justify;\">CHILPANCINGO. * 27 de enero de 2021.<br \/>\n] https:\/\/fiscaliaguerrero.gob.mx .<\/p>\n<p style=\"text-align: justify;\">Fiscal\u00eda de Guerrero, a trav\u00e9s de la Polic\u00eda Investigadora Ministerial de Iguala de la Independencia, cumpliment\u00f3 la <img loading=\"lazy\" decoding=\"async\" class=\"alignleft size-medium wp-image-1220071\" src=\"https:\/\/www.acapulco.press\/wp-content\/uploads\/2021\/01\/FGE-Ricardo-375x375.jpg\" alt=\"\" width=\"375\" height=\"375\" \/>orden de aprehensi\u00f3n en contra de Hugo \u00abN\u00bb, detenido como probable responsable del delito de Estupro, sobre tramo carretero federal Iguala-Taxco, a la altura de una f\u00e1brica, en la colonia 3 de Mayo, relacionado con hechos en la causa penal 090\/2010-II, puesto a disposici\u00f3n del Juez Instancia Penal del Distrito Judicial de Hidalgo.<\/p>\n<p style=\"text-align: justify;\">Asimismo, la Polic\u00eda Investigadora Ministerial dio cumplimiento a la orden de aprehensi\u00f3n en contra de quien dijo llamarse Ricardo \u00abN\u00bb, detenido como probable responsable del delito de Violaci\u00f3n Equiparada Agravada, detenido en la comunidad de El Papayo, municipio de Coyuca de Ben\u00edtez, por hechos relacionados con la carpeta judicial C-32\/2021, quedando a disposici\u00f3n del Juez de Control y Enjuiciamiento Penal.<\/p>\n<p style=\"text-align: justify;\">Por \u00faltimo, el Ministerio P\u00fablico obtuvo del Juez de Control <img loading=\"lazy\" decoding=\"async\" class=\"alignleft size-medium wp-image-1220072\" src=\"https:\/\/www.acapulco.press\/wp-content\/uploads\/2021\/01\/HAF-David-375x375.jpg\" alt=\"\" width=\"375\" height=\"375\" \/>del Distrito Judicial de Azueta la vinculaci\u00f3n a proceso en contra de David \u00abN\u00bb, como probable responsable de secuestro agravado en Zihuatanejo.<\/p>\n<p style=\"text-align: justify;\">De acuerdo con la carpeta judicial 228\/2020, la v\u00edctima circulaba en su veh\u00edculo sobre la carretera federal de Zihuatanejo al puerto de Acapulco el d\u00eda 1 de julio de 2020, cuando fue interceptado, para despu\u00e9s exigir los plagiarios a familiares el pago de un rescate.<\/p>\n<p style=\"text-align: justify;\">El Ministerio P\u00fablico reuni\u00f3 los datos de prueba y obtuvo la orden de aprehensi\u00f3n. En audiencia inicial del 26 de enero de 2021, el Juez de Control vincul\u00f3 a proceso a David \u00abN\u00bb por el delito de Secuestro Agravado, otorgando tres meses de investigaci\u00f3n complementaria, quedando interno en el Centro de Reinserci\u00f3n Social de Zihuatanejo bajo la medida cautelar de prisi\u00f3n preventiva oficiosa.<\/p>\n","protected":false},"excerpt":{"rendered":"<p>CHILPANCINGO. * 27 de enero de 2021. ] https:\/\/fiscaliaguerrero.gob.mx . Fiscal\u00eda de Guerrero, a trav\u00e9s de la Polic\u00eda Investigadora Ministerial de Iguala de la Independencia, cumpliment\u00f3 la orden de aprehensi\u00f3n en contra de Hugo \u00abN\u00bb, detenido como probable responsable del delito de Estupro, sobre tramo carretero federal Iguala-Taxco, a la altura de una f\u00e1brica, en&#8230;<\/p>\n","protected":false},"author":2,"featured_media":1220070,"comment_status":"closed","ping_status":"closed","sticky":false,"template":"","format":"standard","meta":{"footnotes":""},"categories":[18561,2005],"tags":[8682,10946,14737,16341,17926],"class_list":["post-1220069","post","type-post","status-publish","format-standard","has-post-thumbnail","hentry","category-society-politics","category-seguridad-y-justicia","tag-fiscalia-general-de-guerrero-fge","tag-jorge-zuriel-de-los-santos-barrila","tag-policia-ministerial-de-guerrero","tag-secuestro","tag-violacion-equiparada-agravada"],"_links":{"self":[{"href":"https:\/\/www.acapulcopress.com\/index.php\/wp-json\/wp\/v2\/posts\/1220069","targetHints":{"allow":["GET"]}}],"collection":[{"href":"https:\/\/www.acapulcopress.com\/index.php\/wp-json\/wp\/v2\/posts"}],"about":[{"href":"https:\/\/www.acapulcopress.com\/index.php\/wp-json\/wp\/v2\/types\/post"}],"author":[{"embeddable":true,"href":"https:\/\/www.acapulcopress.com\/index.php\/wp-json\/wp\/v2\/users\/2"}],"replies":[{"embeddable":true,"href":"https:\/\/www.acapulcopress.com\/index.php\/wp-json\/wp\/v2\/comments?post=1220069"}],"version-history":[{"count":0,"href":"https:\/\/www.acapulcopress.com\/index.php\/wp-json\/wp\/v2\/posts\/1220069\/revisions"}],"wp:featuredmedia":[{"embeddable":true,"href":"https:\/\/www.acapulcopress.com\/index.php\/wp-json\/"}],"wp:attachment":[{"href":"https:\/\/www.acapulcopress.com\/index.php\/wp-json\/wp\/v2\/media?parent=1220069"}],"wp:term":[{"taxonomy":"category","embeddable":true,"href":"https:\/\/www.acapulcopress.com\/index.php\/wp-json\/wp\/v2\/categories?post=1220069"},{"taxonomy":"post_tag","embeddable":true,"href":"https:\/\/www.acapulcopress.com\/index.php\/wp-json\/wp\/v2\/tags?post=1220069"}],"curies":[{"name":"wp","href":"https:\/\/api.w.org\/{rel}","templated":true}]}}