{"id":1220078,"date":"2021-01-27T22:16:43","date_gmt":"2021-01-28T04:16:43","guid":{"rendered":"https:\/\/www.acapulcopress.com\/?p=1220078"},"modified":"2021-01-27T22:16:43","modified_gmt":"2021-01-28T04:16:43","slug":"cambios-en-el-estado-humberto-huicochea-a-educacion-y-arturo-salgado-a-sedesol","status":"publish","type":"post","link":"https:\/\/www.acapulcopress.com\/index.php\/2021\/01\/27\/cambios-en-el-estado-humberto-huicochea-a-educacion-y-arturo-salgado-a-sedesol\/","title":{"rendered":"Cambios en el Estado: Humberto Huicochea a Educaci\u00f3n y Arturo Salgado a Sedesol"},"content":{"rendered":"<p style=\"text-align: justify;\">CHILPANCINGO. * 27 de enero de 2021.<br \/>\n] Gobierno de Guerrero.<\/p>\n<p style=\"text-align: justify;\">Para brindar mejores resultados a las y los guerrerenses, el gobernador H\u00e9ctor Astudillo Flores tom\u00f3 protesta a Arturo Salgado Uri\u00f3stegui como secretario de Desarrollo Social y al diputado local con licencia, Heriberto Huicochea V\u00e1zquez como secretario de Educaci\u00f3n.<\/p>\n<p style=\"text-align: justify;\">Durante la ceremonia en la que estuvo acompa\u00f1ado por los secretarios General de Gobierno, Florencio Salazar Adame y de Finanzas y Administraci\u00f3n, Tulio Samuel P\u00e9rez Calvo, el gobernador exhort\u00f3 a ambos a poner el mayor de sus esfuerzos y profesionalismo que lo caracteriza, al servicio de estas dos importantes dependencias.<\/p>\n<p style=\"text-align: justify;\">Confi\u00f3 en que Arturo Salgado Uri\u00f3stegui realizar\u00e1 un buen papel al frente de la Sedesol y pondr\u00e1 toda su experiencia, tal como cumpli\u00f3 en la Secretar\u00eda de Educaci\u00f3n.<\/p>\n<p style=\"text-align: justify;\">Salgado Uri\u00f3stegui es originario de Teloloapan, es licenciado en Econom\u00eda por el Instituto Polit\u00e9cnico Nacional, maestro en Administraci\u00f3n por el Instituto de Estudios Universitarios de Puebla.<\/p>\n<p style=\"text-align: justify;\">Ha sido director general de Conalep en Guerrero, coordinador estatal de Educaci\u00f3n Tecnol\u00f3gica en los estados de Oaxaca, Morelos, Tlaxcala y Guerrero, rector de la Universidad Tecnol\u00f3gica de la Costa Grande, subsecretario de Educaci\u00f3n Media Superior y Superior y secretario de Educaci\u00f3n en Guerrero.<\/p>\n<p style=\"text-align: justify;\">En tanto, Heriberto Huicochea tiene estudios de Doctorado en Ciencias Pol\u00edticas, Sociolog\u00eda y Antropolog\u00eda Social de la Universidad Aut\u00f3noma de Madrid, Madrid, Espa\u00f1a, un postgrado en Administraci\u00f3n P\u00fablica por parte del Ministerio para las Administraciones P\u00fablicas en Alcal\u00e1 de Henares, Espa\u00f1a, as\u00ed como una licenciatura en Ciencias Econ\u00f3micas de la UAGro.<\/p>\n<p style=\"text-align: justify;\">En cuanto a su trayectoria pol\u00edtica, ha sido presidente del Comit\u00e9 Directivo Municipal del Partido Revolucionario Institucional en Chilpancingo; presidente del Comit\u00e9 Directivo Estatal del PRI, diputado Federal de la LVII Legislatura del H. Congreso de la Uni\u00f3n, donde fungi\u00f3 como Secretario de la Comisi\u00f3n de Ciencia y Tecnolog\u00eda, integrante de la Comisi\u00f3n de Fortalecimiento del Federalismo y del Comit\u00e9 de Estudios Sociales y de Opini\u00f3n P\u00fablica.<\/p>\n<p style=\"text-align: justify;\">En la administraci\u00f3n p\u00fablica, en el municipio de Chilpancingo se desempe\u00f1\u00f3 como director de Desarrollo Administrativo y Control Gubernamental, director de Planeaci\u00f3n y Programaci\u00f3n, director de Planeaci\u00f3n y Control Gubernamental, coordinador del Comit\u00e9 de Planeaci\u00f3n para el Desarrollo, as\u00ed como tesorero del Ayuntamiento Municipal de Chilpancingo.<\/p>\n<p style=\"text-align: justify;\">A nivel estatal ha ocupado el cargo de subsecretario de Planeaci\u00f3n y Coordinaci\u00f3n Tur\u00edstica del Gobierno del Estado de Guerrero, coordinador de Fortalecimiento Municipal, secretario de Desarrollo Social y Coordinador General de COPLADEG.<\/p>\n<p style=\"text-align: justify;\">Mientras que a nivel federal ocup\u00f3 la direcci\u00f3n de Operaci\u00f3n de la Direcci\u00f3n General de Educaci\u00f3n Tecnol\u00f3gica e Industrial de la Secretar\u00eda de Educaci\u00f3n P\u00fablica, fue subdelegado Federal en Guerrero de la Secretar\u00eda de Educaci\u00f3n P\u00fablica, director General del O.P.D. R\u00e9gimen Estatal de Protecci\u00f3n Social en Salud (Seguro Popular).<\/p>\n","protected":false},"excerpt":{"rendered":"<p>CHILPANCINGO. * 27 de enero de 2021. ] Gobierno de Guerrero. Para brindar mejores resultados a las y los guerrerenses, el gobernador H\u00e9ctor Astudillo Flores tom\u00f3 protesta a Arturo Salgado Uri\u00f3stegui como secretario de Desarrollo Social y al diputado local con licencia, Heriberto Huicochea V\u00e1zquez como secretario de Educaci\u00f3n. Durante la ceremonia en la que&#8230;<\/p>\n","protected":false},"author":2,"featured_media":1220080,"comment_status":"closed","ping_status":"closed","sticky":false,"template":"","format":"standard","meta":{"footnotes":""},"categories":[18573,1983],"tags":[4222,9705,9758,16164,16356],"class_list":["post-1220078","post","type-post","status-publish","format-standard","has-post-thumbnail","hentry","category-goverment","category-guerrerogob","tag-arturo-salgado-uriostegui","tag-hector-astudillo-flores","tag-heriberto-huicochea-vazquez","tag-secretaria-de-educacion-de-guerrero-seg","tag-sedesol-guerrero"],"_links":{"self":[{"href":"https:\/\/www.acapulcopress.com\/index.php\/wp-json\/wp\/v2\/posts\/1220078","targetHints":{"allow":["GET"]}}],"collection":[{"href":"https:\/\/www.acapulcopress.com\/index.php\/wp-json\/wp\/v2\/posts"}],"about":[{"href":"https:\/\/www.acapulcopress.com\/index.php\/wp-json\/wp\/v2\/types\/post"}],"author":[{"embeddable":true,"href":"https:\/\/www.acapulcopress.com\/index.php\/wp-json\/wp\/v2\/users\/2"}],"replies":[{"embeddable":true,"href":"https:\/\/www.acapulcopress.com\/index.php\/wp-json\/wp\/v2\/comments?post=1220078"}],"version-history":[{"count":0,"href":"https:\/\/www.acapulcopress.com\/index.php\/wp-json\/wp\/v2\/posts\/1220078\/revisions"}],"wp:featuredmedia":[{"embeddable":true,"href":"https:\/\/www.acapulcopress.com\/index.php\/wp-json\/"}],"wp:attachment":[{"href":"https:\/\/www.acapulcopress.com\/index.php\/wp-json\/wp\/v2\/media?parent=1220078"}],"wp:term":[{"taxonomy":"category","embeddable":true,"href":"https:\/\/www.acapulcopress.com\/index.php\/wp-json\/wp\/v2\/categories?post=1220078"},{"taxonomy":"post_tag","embeddable":true,"href":"https:\/\/www.acapulcopress.com\/index.php\/wp-json\/wp\/v2\/tags?post=1220078"}],"curies":[{"name":"wp","href":"https:\/\/api.w.org\/{rel}","templated":true}]}}